{"id":101,"date":"2022-04-26T05:06:30","date_gmt":"2022-04-26T05:06:30","guid":{"rendered":"https:\/\/rediv.org\/noticias\/?p=101"},"modified":"2022-04-26T05:38:49","modified_gmt":"2022-04-26T05:38:49","slug":"conversatorio-como-habitar-cuerpo-y-virtualidad-hoy-en-dia","status":"publish","type":"post","link":"https:\/\/rediv.org\/noticias\/conversatorio-como-habitar-cuerpo-y-virtualidad-hoy-en-dia\/","title":{"rendered":"Conversatorio: \u00bfC\u00f3mo habitar cuerpo y virtualidad hoy en d\u00eda?"},"content":{"rendered":"<div id='gallery-1' class='gallery galleryid-101 gallery-columns-3 gallery-size-medium'><figure class='gallery-item'>\n\t\t\t<div class='gallery-icon landscape'>\n\t\t\t\t<a href='https:\/\/rediv.org\/noticias\/wp-content\/uploads\/2022\/04\/Screen-Shot-2022-04-25-at-23.48.34-1.png'><img loading=\"lazy\" decoding=\"async\" width=\"300\" height=\"300\" src=\"https:\/\/rediv.org\/noticias\/wp-content\/uploads\/2022\/04\/Screen-Shot-2022-04-25-at-23.48.34-1-300x300.png\" class=\"attachment-medium size-medium\" alt=\"\" srcset=\"https:\/\/rediv.org\/noticias\/wp-content\/uploads\/2022\/04\/Screen-Shot-2022-04-25-at-23.48.34-1-300x300.png 300w, https:\/\/rediv.org\/noticias\/wp-content\/uploads\/2022\/04\/Screen-Shot-2022-04-25-at-23.48.34-1-150x150.png 150w, https:\/\/rediv.org\/noticias\/wp-content\/uploads\/2022\/04\/Screen-Shot-2022-04-25-at-23.48.34-1-768x766.png 768w, https:\/\/rediv.org\/noticias\/wp-content\/uploads\/2022\/04\/Screen-Shot-2022-04-25-at-23.48.34-1.png 793w\" sizes=\"auto, (max-width: 300px) 100vw, 300px\" \/><\/a>\n\t\t\t<\/div><\/figure><figure class='gallery-item'>\n\t\t\t<div class='gallery-icon landscape'>\n\t\t\t\t<a href='https:\/\/rediv.org\/noticias\/wp-content\/uploads\/2022\/04\/Screen-Shot-2022-04-25-at-23.48.25-1.png'><img loading=\"lazy\" decoding=\"async\" width=\"300\" height=\"298\" src=\"https:\/\/rediv.org\/noticias\/wp-content\/uploads\/2022\/04\/Screen-Shot-2022-04-25-at-23.48.25-1-300x298.png\" class=\"attachment-medium size-medium\" alt=\"\" srcset=\"https:\/\/rediv.org\/noticias\/wp-content\/uploads\/2022\/04\/Screen-Shot-2022-04-25-at-23.48.25-1-300x298.png 300w, https:\/\/rediv.org\/noticias\/wp-content\/uploads\/2022\/04\/Screen-Shot-2022-04-25-at-23.48.25-1-150x150.png 150w, https:\/\/rediv.org\/noticias\/wp-content\/uploads\/2022\/04\/Screen-Shot-2022-04-25-at-23.48.25-1-768x764.png 768w, https:\/\/rediv.org\/noticias\/wp-content\/uploads\/2022\/04\/Screen-Shot-2022-04-25-at-23.48.25-1.png 794w\" sizes=\"auto, (max-width: 300px) 100vw, 300px\" \/><\/a>\n\t\t\t<\/div><\/figure><figure class='gallery-item'>\n\t\t\t<div class='gallery-icon landscape'>\n\t\t\t\t<a href='https:\/\/rediv.org\/noticias\/wp-content\/uploads\/2022\/04\/Screen-Shot-2022-04-25-at-23.48.17-1.png'><img loading=\"lazy\" decoding=\"async\" width=\"300\" height=\"300\" src=\"https:\/\/rediv.org\/noticias\/wp-content\/uploads\/2022\/04\/Screen-Shot-2022-04-25-at-23.48.17-1-300x300.png\" class=\"attachment-medium size-medium\" alt=\"\" srcset=\"https:\/\/rediv.org\/noticias\/wp-content\/uploads\/2022\/04\/Screen-Shot-2022-04-25-at-23.48.17-1-300x300.png 300w, https:\/\/rediv.org\/noticias\/wp-content\/uploads\/2022\/04\/Screen-Shot-2022-04-25-at-23.48.17-1-150x150.png 150w, https:\/\/rediv.org\/noticias\/wp-content\/uploads\/2022\/04\/Screen-Shot-2022-04-25-at-23.48.17-1-768x768.png 768w, https:\/\/rediv.org\/noticias\/wp-content\/uploads\/2022\/04\/Screen-Shot-2022-04-25-at-23.48.17-1.png 794w\" sizes=\"auto, (max-width: 300px) 100vw, 300px\" \/><\/a>\n\t\t\t<\/div><\/figure>\n\t\t<\/div>\n\n<p><b>Martes 26 de abril<\/b><\/p>\n<p><b>Conversatorio: \u00bfC\u00f3mo<\/b><b> habitar cuerpo y virtualidad hoy en d\u00eda?<\/b><\/p>\n<p><span style=\"font-weight: 400;\">Via canal de YouTube: <\/span><a href=\"https:\/\/www.youtube.com\/c\/REDIV\"><span style=\"font-weight: 400;\">https:\/\/www.youtube.com\/c\/REDIV<\/span><\/a><\/p>\n<p><span style=\"font-weight: 400;\">Horario:<\/span><\/p>\n<p><span style=\"font-weight: 400;\">16h Costa Rica\/<\/span><\/p>\n<p><span style=\"font-weight: 400;\">17h Colombia-Ecuador-M\u00e9xico\/<\/span><\/p>\n<p><span style=\"font-weight: 400;\">18h Bolivia-Cuba-Chile-Paraguay-Venezuela\/<\/span><\/p>\n<p><span style=\"font-weight: 400;\">\u00a019h Argentina-Brasil-Uruguay\/<\/span><\/p>\n<p><span style=\"font-weight: 400;\">\u00a023h Portugal\/<\/span><\/p>\n<p><span style=\"font-weight: 400;\">\u00a024h Espa\u00f1a.<\/span><\/p>\n<p><span style=\"font-weight: 400;\">Charla sobre temas ligados a danza, cuerpo y videodanza, trabajos con virtualidad, diversidad de cuerpos en las obras, y como aumentar difusi\u00f3n y visibilidad para agregar nuevos p\u00fablicos. Invitaci\u00f3n abierta a TODOS los interesados en IBEROAM\u00c9RICA para debatir con los miembros de REDIV.<\/span><\/p>\n<p>&nbsp;<\/p>\n<p><span style=\"font-weight: 400;\">Moderadores:<\/span><span style=\"font-weight: 400;\"> Denise Matta y Chistopher Diaz<\/span><\/p>\n<p>&nbsp;<\/p>\n<p><b>Denise Matta.<\/b><span style=\"font-weight: 400;\"> Publicista, bailarina, maestra de danza y directora general y art\u00edstica de la C\u00eda de Dan\u00e7a Abrindo Portas e IMARP &#8211; Muestra Internacional de Videodan\u00e7a, con numerosas presentaciones y clases en Brasil y en el exterior. Premiada en varios concursos p\u00fablicos de danza y videodanza nacionales e internacionales, adem\u00e1s de ser seleccionada en varios espect\u00e1culos de videodanza dentro y fuera de Brasil. Miembro de REDIV desde 2017.<\/span><\/p>\n<p><a href=\"https:\/\/www.facebook.com\/imarp2021\"><span style=\"font-weight: 400;\">https:\/\/www.facebook.com\/imarp2021<\/span><\/a><\/p>\n<p><b>Christopher D\u00edaz Navarro &#8211; Costa Rica <\/b><span style=\"font-weight: 400;\">Gestor y productor cultural, investigador en el desarrollo de la danza y el audiovisual. Director general del Taller Nacional de Danza del Ministerio de Cultura y Juventud de Costa Rica. <\/span><\/p>\n","protected":false},"excerpt":{"rendered":"<p>Martes 26 de abril Conversatorio: \u00bfC\u00f3mo habitar cuerpo y virtualidad hoy en d\u00eda? Via canal de YouTube: https:\/\/www.youtube.com\/c\/REDIV Horario: 16h Costa Rica\/ 17h Colombia-Ecuador-M\u00e9xico\/ 18h Bolivia-Cuba-Chile-Paraguay-Venezuela\/ \u00a019h Argentina-Brasil-Uruguay\/ \u00a023h Portugal\/ \u00a024h Espa\u00f1a. Charla sobre temas ligados a danza, cuerpo y videodanza, trabajos con virtualidad, diversidad de cuerpos en las obras, y como aumentar difusi\u00f3n y [&hellip;]<\/p>\n","protected":false},"author":1,"featured_media":0,"comment_status":"open","ping_status":"open","sticky":false,"template":"","format":"standard","meta":{"footnotes":""},"categories":[16],"tags":[],"class_list":["post-101","post","type-post","status-publish","format-standard","hentry","category-eventos"],"_links":{"self":[{"href":"https:\/\/rediv.org\/noticias\/wp-json\/wp\/v2\/posts\/101","targetHints":{"allow":["GET"]}}],"collection":[{"href":"https:\/\/rediv.org\/noticias\/wp-json\/wp\/v2\/posts"}],"about":[{"href":"https:\/\/rediv.org\/noticias\/wp-json\/wp\/v2\/types\/post"}],"author":[{"embeddable":true,"href":"https:\/\/rediv.org\/noticias\/wp-json\/wp\/v2\/users\/1"}],"replies":[{"embeddable":true,"href":"https:\/\/rediv.org\/noticias\/wp-json\/wp\/v2\/comments?post=101"}],"version-history":[{"count":2,"href":"https:\/\/rediv.org\/noticias\/wp-json\/wp\/v2\/posts\/101\/revisions"}],"predecessor-version":[{"id":111,"href":"https:\/\/rediv.org\/noticias\/wp-json\/wp\/v2\/posts\/101\/revisions\/111"}],"wp:attachment":[{"href":"https:\/\/rediv.org\/noticias\/wp-json\/wp\/v2\/media?parent=101"}],"wp:term":[{"taxonomy":"category","embeddable":true,"href":"https:\/\/rediv.org\/noticias\/wp-json\/wp\/v2\/categories?post=101"},{"taxonomy":"post_tag","embeddable":true,"href":"https:\/\/rediv.org\/noticias\/wp-json\/wp\/v2\/tags?post=101"}],"curies":[{"name":"wp","href":"https:\/\/api.w.org\/{rel}","templated":true}]}}