{"id":104,"date":"2022-04-26T05:15:19","date_gmt":"2022-04-26T05:15:19","guid":{"rendered":"https:\/\/rediv.org\/noticias\/?p=104"},"modified":"2022-04-26T05:38:47","modified_gmt":"2022-04-26T05:38:47","slug":"entrevistas-premios-rediv-2021","status":"publish","type":"post","link":"https:\/\/rediv.org\/noticias\/entrevistas-premios-rediv-2021\/","title":{"rendered":"Entrevistas: PREMIOS REDIV 2021"},"content":{"rendered":"<p><b>Mi\u00e9rcoles 27<\/b><\/p>\n<p><b>Entrevistas: PREMIOS REDIV 2021<\/b><\/p>\n<p><span style=\"font-weight: 400;\">Via canal de YouTube: <\/span><a href=\"https:\/\/www.youtube.com\/c\/REDIV\"><span style=\"font-weight: 400;\">https:\/\/www.youtube.com\/c\/REDIV<\/span><\/a><\/p>\n<p><span style=\"font-weight: 400;\">Horario:\u00a0<\/span><\/p>\n<p><span style=\"font-weight: 400;\">16h Costa Rica\/\u00a0<\/span><\/p>\n<p><span style=\"font-weight: 400;\">17h Colombia-Ecuador-M\u00e9xico \/\u00a0<\/span><\/p>\n<p><span style=\"font-weight: 400;\">18h Bolivia-Cuba-Chile-Paraguay-Venezuela\/<\/span><\/p>\n<p><span style=\"font-weight: 400;\">19h Argentina-Brasil-Uruguay \/\u00a0<\/span><\/p>\n<p><span style=\"font-weight: 400;\">23h Portugal\u00a0 \/\u00a0<\/span><\/p>\n<p><span style=\"font-weight: 400;\">24h Espa\u00f1a.<\/span><\/p>\n<div id='gallery-1' class='gallery galleryid-104 gallery-columns-3 gallery-size-medium'><figure class='gallery-item'>\n\t\t\t<div class='gallery-icon landscape'>\n\t\t\t\t<a href='https:\/\/rediv.org\/noticias\/wp-content\/uploads\/2022\/04\/Screen-Shot-2022-04-26-at-0.14.00.png'><img loading=\"lazy\" decoding=\"async\" width=\"300\" height=\"300\" src=\"https:\/\/rediv.org\/noticias\/wp-content\/uploads\/2022\/04\/Screen-Shot-2022-04-26-at-0.14.00-300x300.png\" class=\"attachment-medium size-medium\" alt=\"\" srcset=\"https:\/\/rediv.org\/noticias\/wp-content\/uploads\/2022\/04\/Screen-Shot-2022-04-26-at-0.14.00-300x300.png 300w, https:\/\/rediv.org\/noticias\/wp-content\/uploads\/2022\/04\/Screen-Shot-2022-04-26-at-0.14.00-150x150.png 150w, https:\/\/rediv.org\/noticias\/wp-content\/uploads\/2022\/04\/Screen-Shot-2022-04-26-at-0.14.00-768x768.png 768w, https:\/\/rediv.org\/noticias\/wp-content\/uploads\/2022\/04\/Screen-Shot-2022-04-26-at-0.14.00.png 793w\" sizes=\"auto, (max-width: 300px) 100vw, 300px\" \/><\/a>\n\t\t\t<\/div><\/figure><figure class='gallery-item'>\n\t\t\t<div class='gallery-icon landscape'>\n\t\t\t\t<a href='https:\/\/rediv.org\/noticias\/wp-content\/uploads\/2022\/04\/Screen-Shot-2022-04-26-at-0.14.11.png'><img loading=\"lazy\" decoding=\"async\" width=\"300\" height=\"300\" src=\"https:\/\/rediv.org\/noticias\/wp-content\/uploads\/2022\/04\/Screen-Shot-2022-04-26-at-0.14.11-300x300.png\" class=\"attachment-medium size-medium\" alt=\"\" srcset=\"https:\/\/rediv.org\/noticias\/wp-content\/uploads\/2022\/04\/Screen-Shot-2022-04-26-at-0.14.11-300x300.png 300w, https:\/\/rediv.org\/noticias\/wp-content\/uploads\/2022\/04\/Screen-Shot-2022-04-26-at-0.14.11-150x150.png 150w, https:\/\/rediv.org\/noticias\/wp-content\/uploads\/2022\/04\/Screen-Shot-2022-04-26-at-0.14.11-768x766.png 768w, https:\/\/rediv.org\/noticias\/wp-content\/uploads\/2022\/04\/Screen-Shot-2022-04-26-at-0.14.11.png 794w\" sizes=\"auto, (max-width: 300px) 100vw, 300px\" \/><\/a>\n\t\t\t<\/div><\/figure><figure class='gallery-item'>\n\t\t\t<div class='gallery-icon landscape'>\n\t\t\t\t<a href='https:\/\/rediv.org\/noticias\/wp-content\/uploads\/2022\/04\/Screen-Shot-2022-04-26-at-0.14.21.png'><img loading=\"lazy\" decoding=\"async\" width=\"300\" height=\"300\" src=\"https:\/\/rediv.org\/noticias\/wp-content\/uploads\/2022\/04\/Screen-Shot-2022-04-26-at-0.14.21-300x300.png\" class=\"attachment-medium size-medium\" alt=\"\" srcset=\"https:\/\/rediv.org\/noticias\/wp-content\/uploads\/2022\/04\/Screen-Shot-2022-04-26-at-0.14.21-300x300.png 300w, https:\/\/rediv.org\/noticias\/wp-content\/uploads\/2022\/04\/Screen-Shot-2022-04-26-at-0.14.21-150x150.png 150w, https:\/\/rediv.org\/noticias\/wp-content\/uploads\/2022\/04\/Screen-Shot-2022-04-26-at-0.14.21-768x765.png 768w, https:\/\/rediv.org\/noticias\/wp-content\/uploads\/2022\/04\/Screen-Shot-2022-04-26-at-0.14.21.png 795w\" sizes=\"auto, (max-width: 300px) 100vw, 300px\" \/><\/a>\n\t\t\t<\/div><\/figure>\n\t\t<\/div>\n\n<p><span style=\"font-weight: 400;\">REDIV ha otorgado algunos premios organizados por los festivales participantes de la red, que en ciertos casos son menciones y reconocimientos. Los jurados de estos premios son miembros de REDIV. Durante esta charla conversan brevemente algunos creadores ganadores de estos premios-incentivos-menciones, con diversos miembros de la red, para comentar sobre las creaciones en particular y la videodanza en general.<\/span><\/p>\n<p><span style=\"font-weight: 400;\">Participantes de REDIV:<\/span><span style=\"font-weight: 400;\"> Juana Miranda, Beatriz Cerbino, Mar\u00eda Fernanda Vallejos, Silvina Szperling, Claudia S\u00e1nchez.<\/span><\/p>\n<p><span style=\"font-weight: 400;\">Creadores\u00a0 entrevistados:<\/span><\/p>\n<p><span style=\"font-weight: 400;\">Okado do Canal, Rita da Silva, Clara Silveira, David Samaniego, <\/span><span style=\"font-weight: 400;\">Mariana Bellotto, Dixon Quitian, Soraya Vargas.<\/span><\/p>\n<p><span style=\"font-weight: 400;\">-Introducci\u00f3n del festival C\u00c1MARA CORPORIZADA y sus premios, por Claudia S\u00e1nchez.<\/span><\/p>\n<p><span style=\"font-weight: 400;\">-Mar\u00eda Fernanda Vallejos entrevista a <\/span><b>Clara Silveira y David Samaniego, <\/b><span style=\"font-weight: 400;\">por su obra <\/span><b><i>Interludio<\/i><\/b><b>. MENCI\u00d3N REDIV C\u00c1MARA CORPORIZADA 2021.<\/b><\/p>\n<p><span style=\"font-weight: 400;\">-Beatriz Cerbino entrevista a <\/span><b>Rita de C\u00e1cia Oenning da Silva e Okado do Canal, <\/b><span style=\"font-weight: 400;\">por su obra<\/span> <b><i>Insurrection. <\/i><\/b><b>PREMIO REDIV C\u00c1MARA CORPORIZADA 2021.<\/b><\/p>\n<p><span style=\"font-weight: 400;\">-Introducci\u00f3n del festival VideodanzaBA y sus premios, por Silvina Szperling.<\/span><\/p>\n<p><span style=\"font-weight: 400;\">-Juana Miranda entrevista a Dixon Quitian y Soraya Vargas, por su obra <\/span><b>EN SILENCIO. MENCI\u00d3N REDIV EN VIDEODANZABA 2021.<\/b><\/p>\n<p><span style=\"font-weight: 400;\">-Mar\u00eda Fernanda Vallejos entrevista a Mariana Belloto, por su obra <\/span><b>TRILOG\u00cdA PAND\u00c9MICA. PREMIO REDIV EN VIDEODANZABA 2021.<\/b><\/p>\n<p>&nbsp;<\/p>\n<p><span style=\"font-weight: 400;\">BIOS:<\/span><\/p>\n<p><b>Juana Miranda &#8211; Paraguay<\/b><\/p>\n<p><span style=\"font-weight: 400;\">Cineasta de nacionalidad paraguaya. Productora de Paz Encina en cortometrajes, instalaciones y el largometraje \u201cEjercicios de Memoria\u201d. Tesinante de licenciatura en Filosof\u00eda en la Facultad de Filosof\u00eda y Letras de la Universidad Nacional de Asunci\u00f3n. Directora de Eku&#8217;e Videodanza de Asunci\u00f3n y co-productora de \u201cCrear en Libertad\u201d Encuentro Internacional de Danza y Artes Contempor\u00e1neas de Asunci\u00f3n. Forma parte del sector Profesionales y T\u00e9cnicos en el Consejo Nacional del Audiovisual Paraguayo. Cofundadora de REDIV.<\/span><\/p>\n<p><a href=\"http:\/\/www.crearenlibertad.org\/\"><span style=\"font-weight: 400;\">http:\/\/www.crearenlibertad.org<\/span><\/a><\/p>\n<p>&nbsp;<\/p>\n<p><b>Beatriz Cerbino &#8211; Brasil<\/b><\/p>\n<p><span style=\"font-weight: 400;\">Profesora de la Universidade Federal Fluminense (UFF) en el curso de grado de Producci\u00f3n Cultural y en el programa de postgrado de Estudios Art\u00edsticos Contempor\u00e1neos (PPGCA). Sus temas de investigaci\u00f3n son la videodanza, la historia de la danza y la cr\u00edtica de la misma, as\u00ed como la autor\u00eda de y en el cuerpo. Es investigadora del INCT Proprietas, colaboradora de la Red Iberoamericana de Videodanza (REDIV) e investigadora colaboradora del Proyecto TEPe &#8211; Technologically Expanded Performance. Curadora da Muestra Redes Confluentes.<\/span><\/p>\n<p>&nbsp;<\/p>\n<p><b>Claudia S\u00e1nchez &#8211; Argentina<\/b><\/p>\n<p><span style=\"font-weight: 400;\">Licenciada en Artes. Especialista en Gesti\u00f3n Cultural (UBA). Dirige Plataforma C\u00e1mara Corporizada. Vasta experiencia en planificaci\u00f3n, producci\u00f3n y coordinaci\u00f3n de eventos y productos culturales y art\u00edsticos. Docente y consultora en talleres y laboratorios nacionales e internacionales.\u00a0<\/span><\/p>\n<p>&nbsp;<\/p>\n<p><b>Mar\u00eda Fernanda Vallejos &#8211; Rosario &#8211; Argentina<\/b><\/p>\n<p><span style=\"font-weight: 400;\">Artista &#8211; Gestora Cultural &#8211; Curadora y Docente de Videodanza<\/span><b>. <\/b><span style=\"font-weight: 400;\">Lic. en Bellas Artes UNR. Desde 1993 investiga la interacci\u00f3n cuerpo-tecnolog\u00eda. Forma parte de Asc. COBAI organizadora de los Festivales Internacionales EL CRUCE, y CUERPO MEDIADO<\/span><a href=\"http:\/\/www.cobai.org\/\"> <span style=\"font-weight: 400;\">www.cobai.org<\/span><\/a><i><span style=\"font-weight: 400;\">. <\/span><\/i><span style=\"font-weight: 400;\">Cofundadora de la Red Argentina de Videodanza y Multimedia y el CAV Circuito Argentino de Videodanza. Es miembro activo de REDIV Red Iberoamericana de Videodanza. Sus obras han sido subvencionadas y premiadas nacional e internacionalmente.<\/span><\/p>\n<p><a href=\"http:\/\/www.cobai.org\/\"><span style=\"font-weight: 400;\">www.cobai.org<\/span><\/a><i><span style=\"font-weight: 400;\">.<\/span><\/i><\/p>\n<p>&nbsp;<\/p>\n<p><b>Silvina Szperling &#8211; Argentina<\/b><\/p>\n<p><span style=\"font-weight: 400;\">Pionera del g\u00e9nero videodanza en Argentina, con su \u00f3pera prima <\/span><i><span style=\"font-weight: 400;\">Temblor<\/span><\/i><span style=\"font-weight: 400;\">. Fundadora y directora del Festival Internacional VideodanzaBA, miembro fundador del Circuito Videodanza MERCOSUR, del Foro Latinoamericano de Videodanza y REDIV. Premio mayor en el festival Dance For The Camera de la Universidad de Utah. Su videodanza <\/span><i><span style=\"font-weight: 400;\">Ch\u00e1mame<\/span><\/i><span style=\"font-weight: 400;\"> (2008), gan\u00f3 el primer premio en el concurso dancescreen\/IMZ 2010, en el festival Cinedans de Amsterdam, en la categor\u00eda coreograf\u00eda para la c\u00e1mara. En 2015 estren\u00f3 su primer largometraje documental, <\/span><i><span style=\"font-weight: 400;\">Reflejo Narcisa<\/span><\/i><span style=\"font-weight: 400;\">, en el festival BAFICI.<\/span><span style=\"font-weight: 400;\">\u00a0<\/span><\/p>\n<p><a href=\"https:\/\/videodanzaba.com.ar\"><span style=\"font-weight: 400;\">https:\/\/videodanzaba.com.ar<\/span><\/a><\/p>\n<p>&nbsp;<\/p>\n<p><b>Mariana Bellotto &#8211;<\/b><\/p>\n<p><span style=\"font-weight: 400;\">Desde hace m\u00e1s de tres d\u00e9cadas ha desarrollado un prol\u00edfico y original trabajo autoral de creaci\u00f3n coreogr\u00e1fica. Sus obras se caracterizan por conjugar m\u00faltiples formatos y soportes con marcado car\u00e1cter interdisciplinario.\u00a0<\/span><\/p>\n<p><span style=\"font-weight: 400;\">Hay presentado sus obras en\u00a0 distintos festivales de\u00a0 videodanza en todo el mundo.<\/span><\/p>\n<p><b>Dixon Quitian &#8211; Colombia<\/b><\/p>\n<p><span style=\"font-weight: 400;\">Comunicador social, periodista, Co-fundador y director art\u00edstico de la Fundaci\u00f3n Imagen en Movimiento, Co-fundador del FESTIVAL de Videodanza y Cuerpo Multimedia VideoMovimiento, productor, realizador, maestro y pionero de la escenograf\u00eda virtual y la videodanza en Colombia. Su incansable labor por dar a conocer el trabajo de los pioneros, core\u00f3grafos y bailarines de lugares apartados y de comunidades minoritarias y excluidas del pa\u00eds, han ayudado a visibilizar proyectos de emprendimiento cultural, exponiendo su trabajo en \u00e1mbito internacional. <\/span><a href=\"https:\/\/videomovimiento.com\/nosotros-1\"><span style=\"font-weight: 400;\">DIXON QUITIAN<\/span><\/a><\/p>\n<p>&nbsp;<\/p>\n<p><b>Soraya Vargas &#8211; Colombia\u00a0<\/b><\/p>\n<p><span style=\"font-weight: 400;\">Bailarina, Core\u00f3grafa, Licenciada en Artes, artista interdisciplinar, realizadora de Videodanza, docente y gestora. Co &#8211; Fundadora y Directora de la Fundaci\u00f3n Imagen En Movimiento desde el a\u00f1o 2004. Ha recibido menciones y premios por su trabajo en Danza y videodanza, a nivel nacional e internacional. Pionera de la Videodanza y Danza Multimedia en Colombia. Creadora, productora y Co Directora del Festival internacional VIDEOMOVIMIENTO COLOMBIA desde 2004. Particip\u00f3 en el Foro Latinoamericano de Videodanza desde 2011. Co fundadora de REDIV. <\/span><a href=\"https:\/\/videomovimiento.com\/nosotros-1\"><span style=\"font-weight: 400;\">SORAYA VARGAS ROJAS<\/span><\/a><\/p>\n<p>&nbsp;<\/p>\n<p><b>Okado do Canal<\/b> <b>&#8211; Brasil<\/b><span style=\"font-weight: 400;\">\u00a0<\/span><\/p>\n<p><span style=\"font-weight: 400;\">Naci\u00f3 en las favelas de Recife, donde aprendeu breakdance and rap, y eventualmente cinema. Como actor, suas pel\u00edculas han sido mostrando en algunos de los festivales m\u00e1s importantes del mundo, y como b-boy, gan\u00f3 segundo lugar no campeonato sudamericano de breakdance. Insurrection es su quinto curta-metraje.<\/span><\/p>\n<p>&nbsp;<\/p>\n<p><b>Rita da Silva &#8211; Brasil<\/b><span style=\"font-weight: 400;\">\u00a0<\/span><\/p>\n<p><span style=\"font-weight: 400;\">Antrop\u00f3loga y cineasta. La \u00abPrincesa en el Callej\u00f3n\u00bb, su primer largometraje, gan\u00f3 mejor pel\u00edcula de 2017 del Subversive Cinema Society y el documental \u00abEl Otro Lado del Otro\u00bb ahora exhibe en la TV p\u00fablica de Brasil. Actualmente es directora de la ONG Usina da Imagina\u00e7\u00e3o.<\/span><\/p>\n<p><b>Clara Silveira &#8211; Brasil<\/b><\/p>\n<p><b>David Samaniego<\/b><\/p>\n","protected":false},"excerpt":{"rendered":"<p>Mi\u00e9rcoles 27 Entrevistas: PREMIOS REDIV 2021 Via canal de YouTube: https:\/\/www.youtube.com\/c\/REDIV Horario:\u00a0 16h Costa Rica\/\u00a0 17h Colombia-Ecuador-M\u00e9xico \/\u00a0 18h Bolivia-Cuba-Chile-Paraguay-Venezuela\/ 19h Argentina-Brasil-Uruguay \/\u00a0 23h Portugal\u00a0 \/\u00a0 24h Espa\u00f1a. REDIV ha otorgado algunos premios organizados por los festivales participantes de la red, que en ciertos casos son menciones y reconocimientos. Los jurados de estos premios son [&hellip;]<\/p>\n","protected":false},"author":1,"featured_media":0,"comment_status":"open","ping_status":"open","sticky":false,"template":"","format":"standard","meta":{"footnotes":""},"categories":[16],"tags":[],"class_list":["post-104","post","type-post","status-publish","format-standard","hentry","category-eventos"],"_links":{"self":[{"href":"https:\/\/rediv.org\/noticias\/wp-json\/wp\/v2\/posts\/104","targetHints":{"allow":["GET"]}}],"collection":[{"href":"https:\/\/rediv.org\/noticias\/wp-json\/wp\/v2\/posts"}],"about":[{"href":"https:\/\/rediv.org\/noticias\/wp-json\/wp\/v2\/types\/post"}],"author":[{"embeddable":true,"href":"https:\/\/rediv.org\/noticias\/wp-json\/wp\/v2\/users\/1"}],"replies":[{"embeddable":true,"href":"https:\/\/rediv.org\/noticias\/wp-json\/wp\/v2\/comments?post=104"}],"version-history":[{"count":2,"href":"https:\/\/rediv.org\/noticias\/wp-json\/wp\/v2\/posts\/104\/revisions"}],"predecessor-version":[{"id":122,"href":"https:\/\/rediv.org\/noticias\/wp-json\/wp\/v2\/posts\/104\/revisions\/122"}],"wp:attachment":[{"href":"https:\/\/rediv.org\/noticias\/wp-json\/wp\/v2\/media?parent=104"}],"wp:term":[{"taxonomy":"category","embeddable":true,"href":"https:\/\/rediv.org\/noticias\/wp-json\/wp\/v2\/categories?post=104"},{"taxonomy":"post_tag","embeddable":true,"href":"https:\/\/rediv.org\/noticias\/wp-json\/wp\/v2\/tags?post=104"}],"curies":[{"name":"wp","href":"https:\/\/api.w.org\/{rel}","templated":true}]}}