{"id":105,"date":"2022-04-26T05:09:39","date_gmt":"2022-04-26T05:09:39","guid":{"rendered":"https:\/\/rediv.org\/noticias\/?p=105"},"modified":"2022-04-26T05:40:41","modified_gmt":"2022-04-26T05:40:41","slug":"105-2","status":"publish","type":"post","link":"https:\/\/rediv.org\/noticias\/105-2\/","title":{"rendered":"Conversa: \u00a0Como habitar corpo e virtualidade hoje em dia"},"content":{"rendered":"<div id='gallery-1' class='gallery galleryid-105 gallery-columns-3 gallery-size-medium'><figure class='gallery-item'>\n\t\t\t<div class='gallery-icon landscape'>\n\t\t\t\t<a href='https:\/\/rediv.org\/noticias\/wp-content\/uploads\/2022\/04\/Screen-Shot-2022-04-25-at-23.48.34-1.png'><img loading=\"lazy\" decoding=\"async\" width=\"300\" height=\"300\" src=\"https:\/\/rediv.org\/noticias\/wp-content\/uploads\/2022\/04\/Screen-Shot-2022-04-25-at-23.48.34-1-300x300.png\" class=\"attachment-medium size-medium\" alt=\"\" srcset=\"https:\/\/rediv.org\/noticias\/wp-content\/uploads\/2022\/04\/Screen-Shot-2022-04-25-at-23.48.34-1-300x300.png 300w, https:\/\/rediv.org\/noticias\/wp-content\/uploads\/2022\/04\/Screen-Shot-2022-04-25-at-23.48.34-1-150x150.png 150w, https:\/\/rediv.org\/noticias\/wp-content\/uploads\/2022\/04\/Screen-Shot-2022-04-25-at-23.48.34-1-768x766.png 768w, https:\/\/rediv.org\/noticias\/wp-content\/uploads\/2022\/04\/Screen-Shot-2022-04-25-at-23.48.34-1.png 793w\" sizes=\"auto, (max-width: 300px) 100vw, 300px\" \/><\/a>\n\t\t\t<\/div><\/figure><figure class='gallery-item'>\n\t\t\t<div class='gallery-icon landscape'>\n\t\t\t\t<a href='https:\/\/rediv.org\/noticias\/wp-content\/uploads\/2022\/04\/Screen-Shot-2022-04-25-at-23.48.25-1.png'><img loading=\"lazy\" decoding=\"async\" width=\"300\" height=\"298\" src=\"https:\/\/rediv.org\/noticias\/wp-content\/uploads\/2022\/04\/Screen-Shot-2022-04-25-at-23.48.25-1-300x298.png\" class=\"attachment-medium size-medium\" alt=\"\" srcset=\"https:\/\/rediv.org\/noticias\/wp-content\/uploads\/2022\/04\/Screen-Shot-2022-04-25-at-23.48.25-1-300x298.png 300w, https:\/\/rediv.org\/noticias\/wp-content\/uploads\/2022\/04\/Screen-Shot-2022-04-25-at-23.48.25-1-150x150.png 150w, https:\/\/rediv.org\/noticias\/wp-content\/uploads\/2022\/04\/Screen-Shot-2022-04-25-at-23.48.25-1-768x764.png 768w, https:\/\/rediv.org\/noticias\/wp-content\/uploads\/2022\/04\/Screen-Shot-2022-04-25-at-23.48.25-1.png 794w\" sizes=\"auto, (max-width: 300px) 100vw, 300px\" \/><\/a>\n\t\t\t<\/div><\/figure><figure class='gallery-item'>\n\t\t\t<div class='gallery-icon landscape'>\n\t\t\t\t<a href='https:\/\/rediv.org\/noticias\/wp-content\/uploads\/2022\/04\/Screen-Shot-2022-04-25-at-23.48.17-1.png'><img loading=\"lazy\" decoding=\"async\" width=\"300\" height=\"300\" src=\"https:\/\/rediv.org\/noticias\/wp-content\/uploads\/2022\/04\/Screen-Shot-2022-04-25-at-23.48.17-1-300x300.png\" class=\"attachment-medium size-medium\" alt=\"\" srcset=\"https:\/\/rediv.org\/noticias\/wp-content\/uploads\/2022\/04\/Screen-Shot-2022-04-25-at-23.48.17-1-300x300.png 300w, https:\/\/rediv.org\/noticias\/wp-content\/uploads\/2022\/04\/Screen-Shot-2022-04-25-at-23.48.17-1-150x150.png 150w, https:\/\/rediv.org\/noticias\/wp-content\/uploads\/2022\/04\/Screen-Shot-2022-04-25-at-23.48.17-1-768x768.png 768w, https:\/\/rediv.org\/noticias\/wp-content\/uploads\/2022\/04\/Screen-Shot-2022-04-25-at-23.48.17-1.png 794w\" sizes=\"auto, (max-width: 300px) 100vw, 300px\" \/><\/a>\n\t\t\t<\/div><\/figure>\n\t\t<\/div>\n\n<p><b>Conversa: <\/b><b>\u00a0Como habitar corpo e virtualidade hoje em dia<\/b><\/p>\n<p><span style=\"font-weight: 400;\">Acompanhe a conversa em:\u00a0<\/span><\/p>\n<p><a href=\"http:\/\/www.youtube.com\/c\/REDIV\"><span style=\"font-weight: 400;\">www.YouTube.com\/c\/REDIV<\/span><\/a><\/p>\n<p><span style=\"font-weight: 400;\">16h Costa Rica\/<\/span><\/p>\n<p><span style=\"font-weight: 400;\">17h Col\u00f4mbia-Equador-M\u00e9xico\/<\/span><\/p>\n<p><span style=\"font-weight: 400;\">18h Bol\u00edvia-Cuba-Chile-Paraguai-Venezuela\/<\/span><\/p>\n<p><span style=\"font-weight: 400;\">\u00a019h Argentina-Brasil-Uruguai\/<\/span><\/p>\n<p><span style=\"font-weight: 400;\">\u00a023h Portugal\/<\/span><\/p>\n<p><span style=\"font-weight: 400;\">\u00a024h Espanha<\/span><\/p>\n<p>&nbsp;<\/p>\n<p><span style=\"font-weight: 400;\">Bate papo sobre temas ligados a dan\u00e7a, corpo e videodan\u00e7a, trabalhos com virtualidade, diversidade de corpos nas obras e como aumentar a difus\u00e3o e Visibilidade para atingir a novos p\u00fablicos<\/span><\/p>\n<p>&nbsp;<\/p>\n<p><span style=\"font-weight: 400;\">Convidar Membros REDIV e abrir ao debate a TODOS interessados na IBERO AMERICA\u00a0<\/span><\/p>\n<p>&nbsp;<\/p>\n<p><span style=\"font-weight: 400;\">Moderadores<\/span><span style=\"font-weight: 400;\">: Denise Matta y Chistopher Diaz<\/span><\/p>\n<p>&nbsp;<\/p>\n<p><b>Denise Matta &#8211; Brasil<\/b><\/p>\n<p><b>Portugu\u00eas<\/b><\/p>\n<p><span style=\"font-weight: 400;\">Denise Matta, publicit\u00e1ria, bailarina, professora de dan\u00e7a e diretora geral e art\u00edstica da Cia de Dan\u00e7a Abrindo Portas e do IMARP &#8211; Mostra Internacional de Videodan\u00e7a, com in\u00fameras apresenta\u00e7\u00f5es e aulas no Brasil e no exterior. Premiada em diversos editais de dan\u00e7a e videodan\u00e7a nacionais e internacionais al\u00e9m de ser selecionada em diversas mostras de videodan\u00e7a dentro e fora do Brasil. Membro REDIV desde 2017.<\/span><\/p>\n<p><a href=\"https:\/\/www.facebook.com\/imarp2021\"><span style=\"font-weight: 400;\">https:\/\/www.facebook.com\/imarp2021<\/span><\/a><\/p>\n<p>&nbsp;<\/p>\n<p><b>Christopher D\u00edaz Navarro &#8211; Costa Rica <\/b><span style=\"font-weight: 400;\">Gestor e produtor cultural, investigador, com aprimoramento em dan\u00e7a e\u00a0 audiovisual, Diretor Geral da Taller Nacional de Danza e do Minist\u00e9rio de Cultura e Juventude de Costa Rica.<\/span><\/p>\n","protected":false},"excerpt":{"rendered":"<p>Conversa: \u00a0Como habitar corpo e virtualidade hoje em dia Acompanhe a conversa em:\u00a0 www.YouTube.com\/c\/REDIV 16h Costa Rica\/ 17h Col\u00f4mbia-Equador-M\u00e9xico\/ 18h Bol\u00edvia-Cuba-Chile-Paraguai-Venezuela\/ \u00a019h Argentina-Brasil-Uruguai\/ \u00a023h Portugal\/ \u00a024h Espanha &nbsp; Bate papo sobre temas ligados a dan\u00e7a, corpo e videodan\u00e7a, trabalhos com virtualidade, diversidade de corpos nas obras e como aumentar a difus\u00e3o e Visibilidade para atingir [&hellip;]<\/p>\n","protected":false},"author":1,"featured_media":0,"comment_status":"open","ping_status":"open","sticky":false,"template":"","format":"standard","meta":{"footnotes":""},"categories":[18],"tags":[],"class_list":["post-105","post","type-post","status-publish","format-standard","hentry","category-eventos-pt"],"_links":{"self":[{"href":"https:\/\/rediv.org\/noticias\/wp-json\/wp\/v2\/posts\/105","targetHints":{"allow":["GET"]}}],"collection":[{"href":"https:\/\/rediv.org\/noticias\/wp-json\/wp\/v2\/posts"}],"about":[{"href":"https:\/\/rediv.org\/noticias\/wp-json\/wp\/v2\/types\/post"}],"author":[{"embeddable":true,"href":"https:\/\/rediv.org\/noticias\/wp-json\/wp\/v2\/users\/1"}],"replies":[{"embeddable":true,"href":"https:\/\/rediv.org\/noticias\/wp-json\/wp\/v2\/comments?post=105"}],"version-history":[{"count":2,"href":"https:\/\/rediv.org\/noticias\/wp-json\/wp\/v2\/posts\/105\/revisions"}],"predecessor-version":[{"id":114,"href":"https:\/\/rediv.org\/noticias\/wp-json\/wp\/v2\/posts\/105\/revisions\/114"}],"wp:attachment":[{"href":"https:\/\/rediv.org\/noticias\/wp-json\/wp\/v2\/media?parent=105"}],"wp:term":[{"taxonomy":"category","embeddable":true,"href":"https:\/\/rediv.org\/noticias\/wp-json\/wp\/v2\/categories?post=105"},{"taxonomy":"post_tag","embeddable":true,"href":"https:\/\/rediv.org\/noticias\/wp-json\/wp\/v2\/tags?post=105"}],"curies":[{"name":"wp","href":"https:\/\/api.w.org\/{rel}","templated":true}]}}