{"id":116,"date":"2022-04-26T05:18:26","date_gmt":"2022-04-26T05:18:26","guid":{"rendered":"https:\/\/rediv.org\/noticias\/?p=116"},"modified":"2022-04-26T05:38:45","modified_gmt":"2022-04-26T05:38:45","slug":"conversatorio-primera-muestra-universitaria-rediv-2022","status":"publish","type":"post","link":"https:\/\/rediv.org\/noticias\/conversatorio-primera-muestra-universitaria-rediv-2022\/","title":{"rendered":"CONVERSATORIO:\u00a0 PRIMERA MUESTRA UNIVERSITARIA REDIV 2022"},"content":{"rendered":"<p><b>Jueves 28 de abril<\/b><\/p>\n<p><b>CONVERSATORIO:\u00a0 PRIMERA MUESTRA UNIVERSITARIA REDIV 2022<\/b><\/p>\n<p><span style=\"font-weight: 400;\">Via canal de YouTube: <\/span><a href=\"https:\/\/www.youtube.com\/c\/REDIV\"><span style=\"font-weight: 400;\">https:\/\/www.youtube.com\/c\/REDIV<\/span><\/a><\/p>\n<p><span style=\"font-weight: 400;\">Horario:\u00a0<\/span><\/p>\n<p><span style=\"font-weight: 400;\">14h Costa Rica \/\u00a0<\/span><\/p>\n<p><span style=\"font-weight: 400;\">15h Colombia-Ecuador-M\u00e9xico \/\u00a0<\/span><\/p>\n<p><span style=\"font-weight: 400;\">16h Bolivia-Cuba-Chile-Paraguay-Venezuela\/ 17h Argentina-Brasil-Uruguay \/\u00a0<\/span><\/p>\n<p><span style=\"font-weight: 400;\">21h Portugal \/\u00a0<\/span><\/p>\n<p><span style=\"font-weight: 400;\">22h Espa\u00f1a.<\/span><\/p>\n<div id='gallery-1' class='gallery galleryid-116 gallery-columns-3 gallery-size-medium'><figure class='gallery-item'>\n\t\t\t<div class='gallery-icon landscape'>\n\t\t\t\t<a href='https:\/\/rediv.org\/noticias\/wp-content\/uploads\/2022\/04\/Screen-Shot-2022-04-26-at-0.17.24.png'><img loading=\"lazy\" decoding=\"async\" width=\"300\" height=\"300\" src=\"https:\/\/rediv.org\/noticias\/wp-content\/uploads\/2022\/04\/Screen-Shot-2022-04-26-at-0.17.24-300x300.png\" class=\"attachment-medium size-medium\" alt=\"\" srcset=\"https:\/\/rediv.org\/noticias\/wp-content\/uploads\/2022\/04\/Screen-Shot-2022-04-26-at-0.17.24-300x300.png 300w, https:\/\/rediv.org\/noticias\/wp-content\/uploads\/2022\/04\/Screen-Shot-2022-04-26-at-0.17.24-150x150.png 150w, https:\/\/rediv.org\/noticias\/wp-content\/uploads\/2022\/04\/Screen-Shot-2022-04-26-at-0.17.24-768x766.png 768w, https:\/\/rediv.org\/noticias\/wp-content\/uploads\/2022\/04\/Screen-Shot-2022-04-26-at-0.17.24.png 793w\" sizes=\"auto, (max-width: 300px) 100vw, 300px\" \/><\/a>\n\t\t\t<\/div><\/figure><figure class='gallery-item'>\n\t\t\t<div class='gallery-icon landscape'>\n\t\t\t\t<a href='https:\/\/rediv.org\/noticias\/wp-content\/uploads\/2022\/04\/Screen-Shot-2022-04-26-at-0.17.36.png'><img loading=\"lazy\" decoding=\"async\" width=\"300\" height=\"300\" src=\"https:\/\/rediv.org\/noticias\/wp-content\/uploads\/2022\/04\/Screen-Shot-2022-04-26-at-0.17.36-300x300.png\" class=\"attachment-medium size-medium\" alt=\"\" srcset=\"https:\/\/rediv.org\/noticias\/wp-content\/uploads\/2022\/04\/Screen-Shot-2022-04-26-at-0.17.36-300x300.png 300w, https:\/\/rediv.org\/noticias\/wp-content\/uploads\/2022\/04\/Screen-Shot-2022-04-26-at-0.17.36-150x150.png 150w, https:\/\/rediv.org\/noticias\/wp-content\/uploads\/2022\/04\/Screen-Shot-2022-04-26-at-0.17.36-768x768.png 768w, https:\/\/rediv.org\/noticias\/wp-content\/uploads\/2022\/04\/Screen-Shot-2022-04-26-at-0.17.36.png 792w\" sizes=\"auto, (max-width: 300px) 100vw, 300px\" \/><\/a>\n\t\t\t<\/div><\/figure><figure class='gallery-item'>\n\t\t\t<div class='gallery-icon landscape'>\n\t\t\t\t<a href='https:\/\/rediv.org\/noticias\/wp-content\/uploads\/2022\/04\/Screen-Shot-2022-04-26-at-0.17.47.png'><img loading=\"lazy\" decoding=\"async\" width=\"300\" height=\"300\" src=\"https:\/\/rediv.org\/noticias\/wp-content\/uploads\/2022\/04\/Screen-Shot-2022-04-26-at-0.17.47-300x300.png\" class=\"attachment-medium size-medium\" alt=\"\" srcset=\"https:\/\/rediv.org\/noticias\/wp-content\/uploads\/2022\/04\/Screen-Shot-2022-04-26-at-0.17.47-300x300.png 300w, https:\/\/rediv.org\/noticias\/wp-content\/uploads\/2022\/04\/Screen-Shot-2022-04-26-at-0.17.47-150x150.png 150w, https:\/\/rediv.org\/noticias\/wp-content\/uploads\/2022\/04\/Screen-Shot-2022-04-26-at-0.17.47-768x767.png 768w, https:\/\/rediv.org\/noticias\/wp-content\/uploads\/2022\/04\/Screen-Shot-2022-04-26-at-0.17.47.png 798w\" sizes=\"auto, (max-width: 300px) 100vw, 300px\" \/><\/a>\n\t\t\t<\/div><\/figure>\n\t\t<\/div>\n\n<p><span style=\"font-weight: 400;\">Moderadores miembros de REDIV: <\/span><span style=\"font-weight: 400;\">Sarah Ferreira, Soraya Vargas, Mariana Jaroslavsky.<\/span><\/p>\n<p><span style=\"font-weight: 400;\">Esta es la primera muestra universitaria de Videodanza REDIV y se estrena durante la semana de la danza. El comit\u00e9 curatorial conformado por Mariana Jaroslavsky, Soraya Vargas y Sarah Ferreira, ha invitado a este conversatorio a artistas Iberoamericanos universitarios y emergentes, participantes de esta convocatoria.\u00a0<\/span><\/p>\n<p><span style=\"font-weight: 400;\">Participantes<\/span><b>:<\/b><span style=\"font-weight: 400;\"> Oscar Malta (Brasil), Jana\u00edna Santos (Brasil), Dinah (Argentina), \u00c9den Peretta (Brasil), AnaBella Lenzu (Estados Unidos), Martin Esquivel Viveros (Argentina), Juan Ignacio Ferreras (Argentina), Marisol Salinas (Paraguay), Jan Marceau (Colombia), Andrea Hackl (Holanda), Junior Mendes (Brasil), Jeraldi Hiroki (Brasil), Fabiana Binetti (Argentina), Cecilia Resende (Brasil), Mario Cruz (M\u00e9xico), Allan Diniz (Brasil), Veronica Cecilia Rodriguez (Argentina), Yaneth Mes\u00edas Bola\u00f1os (Colombia), S\u00e2mya de Lima (Brasil), La\u00eds Otavio (Brasil), Diogo Angeli (Brasil) y otros.<\/span><\/p>\n<p>&nbsp;<\/p>\n<p><b>Mariana Jaroslavsky &#8211; Argentina\u00a0<\/b><\/p>\n<p><span style=\"font-weight: 400;\">Int\u00e9rprete, core\u00f3grafa, realizadora y docente.<\/span><\/p>\n<p><span style=\"font-weight: 400;\">Titulada en Danza Contempor\u00e1nea por el Institut del Teatre (Barcelona), pr\u00f3xima a obtener su\u00a0 Posgrado de Especializaci\u00f3n en Tendencias Contempor\u00e1neas de la Danza (UNA-DAM), profesora de las c\u00e1tedras \u201cTaller de Videodanza\u201d y \u201cFotograf\u00eda\u201d en la Facultad de Artes, Dise\u00f1o y Ciencias de la Cultura, de la Universidad Nacional del Nordeste, en Resistencia, Argentina.<\/span><\/p>\n<p>&nbsp;<\/p>\n<p><b>Soraya Vargas &#8211; Colombia\u00a0<\/b><\/p>\n<p><span style=\"font-weight: 400;\">Bailarina, Core\u00f3grafa, Licenciada en Artes, artista interdisciplinar, realizadora de Videodanza, docente y gestora. Co &#8211; Fundadora y Directora de la Fundaci\u00f3n Imagen En Movimiento desde el a\u00f1o 2004. Ha recibido menciones y premios por su trabajo en Danza y videodanza, a nivel nacional e internacional. Pionera de la Videodanza y Danza Multimedia en Colombia. Creadora, productora y Co Directora del Festival internacional VIDEOMOVIMIENTO COLOMBIA desde 2004. Particip\u00f3 en el Foro Latinoamericano de Videodanza desde 2011. Co fundadora de REDIV. <\/span><a href=\"https:\/\/videomovimiento.com\/nosotros-1\"><span style=\"font-weight: 400;\">SORAYA VARGAS ROJAS<\/span><\/a><\/p>\n<p>&nbsp;<\/p>\n<p><b>Sarah Ferreira &#8211; Brasil<\/b><\/p>\n<p><span style=\"font-weight: 400;\">Performer, educadora y artista multimedia. Actualmente estudiante de doctorado en Artes en el Programa de Posgrado de la Universidade Federal Fluminense (UFF). Como formaci\u00f3n acad\u00e9mica, complet\u00f3 su carrera en la Licenciatura en Artes Esc\u00e9nicas de la Universidad Estadual de Santa Catarina (UDESC). Maestr\u00eda en Teatro en esta misma universidad con la investigaci\u00f3n Activismo Curatorial de Videodan\u00e7a (2018-2020), discutiendo la curadur\u00eda en l\u00ednea de los ejes propuestos en el canal de investigaci\u00f3n VIDEODAN\u00c7A+\u00a0<\/span><\/p>\n<p><a href=\"https:\/\/www.youtube.com\/c\/Videodan%C3%A7amais\"><span style=\"font-weight: 400;\">https:\/\/www.youtube.com\/c\/Videodan%C3%A7amais<\/span><\/a><\/p>\n","protected":false},"excerpt":{"rendered":"<p>Jueves 28 de abril CONVERSATORIO:\u00a0 PRIMERA MUESTRA UNIVERSITARIA REDIV 2022 Via canal de YouTube: https:\/\/www.youtube.com\/c\/REDIV Horario:\u00a0 14h Costa Rica \/\u00a0 15h Colombia-Ecuador-M\u00e9xico \/\u00a0 16h Bolivia-Cuba-Chile-Paraguay-Venezuela\/ 17h Argentina-Brasil-Uruguay \/\u00a0 21h Portugal \/\u00a0 22h Espa\u00f1a. Moderadores miembros de REDIV: Sarah Ferreira, Soraya Vargas, Mariana Jaroslavsky. Esta es la primera muestra universitaria de Videodanza REDIV y se estrena [&hellip;]<\/p>\n","protected":false},"author":1,"featured_media":0,"comment_status":"open","ping_status":"open","sticky":false,"template":"","format":"standard","meta":{"footnotes":""},"categories":[16],"tags":[],"class_list":["post-116","post","type-post","status-publish","format-standard","hentry","category-eventos"],"_links":{"self":[{"href":"https:\/\/rediv.org\/noticias\/wp-json\/wp\/v2\/posts\/116","targetHints":{"allow":["GET"]}}],"collection":[{"href":"https:\/\/rediv.org\/noticias\/wp-json\/wp\/v2\/posts"}],"about":[{"href":"https:\/\/rediv.org\/noticias\/wp-json\/wp\/v2\/types\/post"}],"author":[{"embeddable":true,"href":"https:\/\/rediv.org\/noticias\/wp-json\/wp\/v2\/users\/1"}],"replies":[{"embeddable":true,"href":"https:\/\/rediv.org\/noticias\/wp-json\/wp\/v2\/comments?post=116"}],"version-history":[{"count":2,"href":"https:\/\/rediv.org\/noticias\/wp-json\/wp\/v2\/posts\/116\/revisions"}],"predecessor-version":[{"id":129,"href":"https:\/\/rediv.org\/noticias\/wp-json\/wp\/v2\/posts\/116\/revisions\/129"}],"wp:attachment":[{"href":"https:\/\/rediv.org\/noticias\/wp-json\/wp\/v2\/media?parent=116"}],"wp:term":[{"taxonomy":"category","embeddable":true,"href":"https:\/\/rediv.org\/noticias\/wp-json\/wp\/v2\/categories?post=116"},{"taxonomy":"post_tag","embeddable":true,"href":"https:\/\/rediv.org\/noticias\/wp-json\/wp\/v2\/tags?post=116"}],"curies":[{"name":"wp","href":"https:\/\/api.w.org\/{rel}","templated":true}]}}