{"id":117,"date":"2022-04-26T05:23:30","date_gmt":"2022-04-26T05:23:30","guid":{"rendered":"https:\/\/rediv.org\/noticias\/?p=117"},"modified":"2022-04-26T05:40:18","modified_gmt":"2022-04-26T05:40:18","slug":"conversatorio-enredandonos-acciones-en-red","status":"publish","type":"post","link":"https:\/\/rediv.org\/noticias\/conversatorio-enredandonos-acciones-en-red\/","title":{"rendered":"Conversatorio: EnRED\u00e1ndonos &#8211;\u00a0 Acciones en RED"},"content":{"rendered":"<p><b>Viernes 29 de abril<\/b><\/p>\n<p><b>Conversatorio: EnRED\u00e1ndonos &#8211;\u00a0 Acciones en RED<\/b><\/p>\n<p><b>Performance en vivo, noticias y obras<\/b><\/p>\n<p><span style=\"font-weight: 400;\">Via canal de YouTube: <\/span><a href=\"https:\/\/www.youtube.com\/c\/REDIV\"><span style=\"font-weight: 400;\">https:\/\/www.youtube.com\/c\/REDIV<\/span><\/a><\/p>\n<p><span style=\"font-weight: 400;\">Horario:\u00a0<\/span><\/p>\n<p><span style=\"font-weight: 400;\">15h Costa Rica \/\u00a0<\/span><\/p>\n<p><span style=\"font-weight: 400;\">16h Colombia-Ecuador-M\u00e9xico \/\u00a0<\/span><\/p>\n<p><span style=\"font-weight: 400;\">17h Bolivia-Cuba-Chile-Paraguay-Venezuela\/\u00a0<\/span><\/p>\n<p><span style=\"font-weight: 400;\">18h Argentina-Brasil-Uruguay\u00a0 \/\u00a0<\/span><\/p>\n<p><span style=\"font-weight: 400;\">22h Portugal\u00a0 \/\u00a0<\/span><\/p>\n<p><span style=\"font-weight: 400;\">23h Espa\u00f1a.<\/span><\/p>\n<div id='gallery-1' class='gallery galleryid-117 gallery-columns-4 gallery-size-medium'><figure class='gallery-item'>\n\t\t\t<div class='gallery-icon landscape'>\n\t\t\t\t<a href='https:\/\/rediv.org\/noticias\/wp-content\/uploads\/2022\/04\/Screen-Shot-2022-04-26-at-0.21.49.png'><img loading=\"lazy\" decoding=\"async\" width=\"300\" height=\"300\" src=\"https:\/\/rediv.org\/noticias\/wp-content\/uploads\/2022\/04\/Screen-Shot-2022-04-26-at-0.21.49-300x300.png\" class=\"attachment-medium size-medium\" alt=\"\" srcset=\"https:\/\/rediv.org\/noticias\/wp-content\/uploads\/2022\/04\/Screen-Shot-2022-04-26-at-0.21.49-300x300.png 300w, https:\/\/rediv.org\/noticias\/wp-content\/uploads\/2022\/04\/Screen-Shot-2022-04-26-at-0.21.49-150x150.png 150w, https:\/\/rediv.org\/noticias\/wp-content\/uploads\/2022\/04\/Screen-Shot-2022-04-26-at-0.21.49-768x767.png 768w, https:\/\/rediv.org\/noticias\/wp-content\/uploads\/2022\/04\/Screen-Shot-2022-04-26-at-0.21.49.png 794w\" sizes=\"auto, (max-width: 300px) 100vw, 300px\" \/><\/a>\n\t\t\t<\/div><\/figure><figure class='gallery-item'>\n\t\t\t<div class='gallery-icon portrait'>\n\t\t\t\t<a href='https:\/\/rediv.org\/noticias\/wp-content\/uploads\/2022\/04\/Screen-Shot-2022-04-26-at-0.22.00.png'><img loading=\"lazy\" decoding=\"async\" width=\"300\" height=\"300\" src=\"https:\/\/rediv.org\/noticias\/wp-content\/uploads\/2022\/04\/Screen-Shot-2022-04-26-at-0.22.00-300x300.png\" class=\"attachment-medium size-medium\" alt=\"\" srcset=\"https:\/\/rediv.org\/noticias\/wp-content\/uploads\/2022\/04\/Screen-Shot-2022-04-26-at-0.22.00-300x300.png 300w, https:\/\/rediv.org\/noticias\/wp-content\/uploads\/2022\/04\/Screen-Shot-2022-04-26-at-0.22.00-150x150.png 150w, https:\/\/rediv.org\/noticias\/wp-content\/uploads\/2022\/04\/Screen-Shot-2022-04-26-at-0.22.00-768x769.png 768w, https:\/\/rediv.org\/noticias\/wp-content\/uploads\/2022\/04\/Screen-Shot-2022-04-26-at-0.22.00.png 793w\" sizes=\"auto, (max-width: 300px) 100vw, 300px\" \/><\/a>\n\t\t\t<\/div><\/figure><figure class='gallery-item'>\n\t\t\t<div class='gallery-icon landscape'>\n\t\t\t\t<a href='https:\/\/rediv.org\/noticias\/wp-content\/uploads\/2022\/04\/Screen-Shot-2022-04-26-at-0.22.11.png'><img loading=\"lazy\" decoding=\"async\" width=\"300\" height=\"300\" src=\"https:\/\/rediv.org\/noticias\/wp-content\/uploads\/2022\/04\/Screen-Shot-2022-04-26-at-0.22.11-300x300.png\" class=\"attachment-medium size-medium\" alt=\"\" srcset=\"https:\/\/rediv.org\/noticias\/wp-content\/uploads\/2022\/04\/Screen-Shot-2022-04-26-at-0.22.11-300x300.png 300w, https:\/\/rediv.org\/noticias\/wp-content\/uploads\/2022\/04\/Screen-Shot-2022-04-26-at-0.22.11-150x150.png 150w, https:\/\/rediv.org\/noticias\/wp-content\/uploads\/2022\/04\/Screen-Shot-2022-04-26-at-0.22.11-768x768.png 768w, https:\/\/rediv.org\/noticias\/wp-content\/uploads\/2022\/04\/Screen-Shot-2022-04-26-at-0.22.11.png 794w\" sizes=\"auto, (max-width: 300px) 100vw, 300px\" \/><\/a>\n\t\t\t<\/div><\/figure><figure class='gallery-item'>\n\t\t\t<div class='gallery-icon landscape'>\n\t\t\t\t<a href='https:\/\/rediv.org\/noticias\/wp-content\/uploads\/2022\/04\/Screen-Shot-2022-04-26-at-0.22.22.png'><img loading=\"lazy\" decoding=\"async\" width=\"300\" height=\"300\" src=\"https:\/\/rediv.org\/noticias\/wp-content\/uploads\/2022\/04\/Screen-Shot-2022-04-26-at-0.22.22-300x300.png\" class=\"attachment-medium size-medium\" alt=\"\" srcset=\"https:\/\/rediv.org\/noticias\/wp-content\/uploads\/2022\/04\/Screen-Shot-2022-04-26-at-0.22.22-300x300.png 300w, https:\/\/rediv.org\/noticias\/wp-content\/uploads\/2022\/04\/Screen-Shot-2022-04-26-at-0.22.22-150x150.png 150w, https:\/\/rediv.org\/noticias\/wp-content\/uploads\/2022\/04\/Screen-Shot-2022-04-26-at-0.22.22-768x767.png 768w, https:\/\/rediv.org\/noticias\/wp-content\/uploads\/2022\/04\/Screen-Shot-2022-04-26-at-0.22.22.png 792w\" sizes=\"auto, (max-width: 300px) 100vw, 300px\" \/><\/a>\n\t\t\t<\/div><\/figure>\n\t\t<\/div>\n\n<p><span style=\"font-weight: 400;\">REDIV compartir\u00e1 una performance en vivo, nos hablar\u00e1 brevemente de los logros de su trabajo colectivo y mostrar\u00e1 algunas obras de esfuerzos colaborativos, para celebrar la danza y la videodanza.<\/span><\/p>\n<p><span style=\"font-weight: 400;\">Participan por REDIV:<\/span><span style=\"font-weight: 400;\"> Mar\u00eda Fernanda Vallejos, Soraya Vargas, Yolanda M. Guadarrama, Dixon Quitian, SOf\u00eda Orihuela.<\/span><\/p>\n<p><span style=\"font-weight: 400;\">Otros participantes: Tuix\u00e9n Benet, Mayo Rodr\u00edguez Baeza, Paula Sacur, Carla Romero, Carola S\u00e1nchez.<\/span><\/p>\n<p>&nbsp;<\/p>\n<p><span style=\"font-weight: 400;\">Programa<\/span><\/p>\n<p><span style=\"font-weight: 400;\">-Performance en vivo en el marco de DANZFAGIA (muestra-celebraci\u00f3n dirigida por Roc\u00edo Becerril):\u00a0<\/span><\/p>\n<p><b>Oto\u00f1o<\/b><span style=\"font-weight: 400;\"> \/ Rosario Armenta \/ 12 min \/ M\u00e9xico \/ Interpretaci\u00f3n de c\u00e1mara para transmisi\u00f3n por Dalia Ram\u00edrez P\u00e9rez.<\/span><\/p>\n<p><b>Dalia Ram\u00edrez P\u00e9rez &#8211; M\u00e9xico<\/b><\/p>\n<p><span style=\"font-weight: 400;\">Adem\u00e1s de su dedicaci\u00f3n a la danza, videodanza y fotograf\u00eda, forma parte del COLECTIVO MOVIMIENTO que present\u00f3 el performance CORPORALIDAD INN AND OFF, el cual trata sobre identidad dentro y fuera de medios electr\u00f3nicos y redes sociales el 29 de octubre. Obtuvo Menci\u00f3n Honor\u00edfica en Movimiento en Movimiento 2018. Es colaboradora del festival Movimiento en Movimiento.<\/span><\/p>\n<p><b>Rosario Armenta &#8211; M\u00e9xico<\/b><\/p>\n<p><span style=\"font-weight: 400;\">Fundadora y directora de la compa\u00f1\u00eda \u201cLa F\u00e1brica\u201d desde el a\u00f1o 1994, en la que ha desarrollado una metodolog\u00eda de trabajo que es mezcla de disciplinas como el ballet, la danza contempor\u00e1nea, la acrobacia y t\u00e9cnicas de relajaci\u00f3n para permitirle al cuerpo que trabaje desde sus capacidades hasta sus incapacidades.<\/span><\/p>\n<p><b>DANZFAGIA &#8211; M\u00e9xico:<\/b><\/p>\n<p><span style=\"font-weight: 400;\">Muestra-celebracio\u0301n del D\u00eda Int. de la danza 2022. En formatos presencial y virtual re\u00fane, en varias sedes en la Ciudad de M\u00e9xico, a creadores inte\u0301rpretes, coreo\u0301grafos, maestros de la danza de diferentes estilos, ge\u0301neros y propuestas con coreografi\u0301as, conversatorios, videodanzas, cuerpo y filosofi\u0301a, talleres, instalaciones de danza y video, intervenciones coreogra\u0301ficas y\/o de improvisacio\u0301n, artes, performances en vivo y expresiones diversas alrededor del cuerpo, que se alimentan de otras artes. Direcci\u00f3n: <\/span><b>Roc\u00edo Becerril Porras.<\/b><\/p>\n<p>&nbsp;<\/p>\n<p><span style=\"font-weight: 400;\">Noticias y recuento del trabajo colaborativo REDIV.<\/span><\/p>\n<p>&nbsp;<\/p>\n<p><span style=\"font-weight: 400;\">&#8211;<\/span><b>Fiver<\/b><span style=\"font-weight: 400;\"> (Festival de Cine, Danza y Nuevos Medios) en colaboraci\u00f3n con el Instituto Cervantes, comparte la curadur\u00eda \u201cLa mirada de ellas. 10 a\u00f1os de cine danza en Espa\u00f1a\u201d y presenta la \u00faltima obra de una de las directoras destacadas en su muestra retrospectiva.<\/span><\/p>\n<p>&nbsp;<\/p>\n<p><span style=\"font-weight: 400;\">Obra: <\/span><b>Lazarus<\/b><span style=\"font-weight: 400;\"> \/ Tuix\u00e9n Benet \/ 8:34 min \/ Espa\u00f1a-USA \/ 2020<\/span><\/p>\n<p><span style=\"font-weight: 400;\">-Tuix\u00e9n nos comentar\u00e1 sobre su obra \u201cLazarus\u201d, premio nacional en la \u00faltima edici\u00f3n de Fiver, realizada en Teatros del Canal de Madrid en 2021, con el apoyo del Gobierno de la Rioja y el Centro Coreogr\u00e1fico de La Rioja; tambi\u00e9n sobre la curadur\u00eda de las 10 creadoras presentadas por Fiver, \u201cLa mirada de ellas\u201d en donde participa con \u201cCaballo negro\u201d finalista en 2014.<\/span><\/p>\n<p>&nbsp;<\/p>\n<p><span style=\"font-weight: 400;\">&#8211; <\/span><b>Paredes Infinitas<\/b><span style=\"font-weight: 400;\"> \/ Trabajo colaborativo REDIV \/ 8:35 min \/ Iberoam\u00e9rica \/ 2020.<\/span><\/p>\n<p>&nbsp;<\/p>\n<p><span style=\"font-weight: 400;\">&#8211;<\/span><b>TINKU<\/b><span style=\"font-weight: 400;\"> \/ Co producci\u00f3n REDIV Festival internacional de Videodanza y Cuerpo Multimedia VIDEOMOVIMIENTO COLOMBIA y Festival CUERPO DIGITAL BOLIVIA, Director Dixon Quitian Productora Sof\u00eda Orihuela, 2019.\u00a0<\/span><\/p>\n<p><span style=\"font-weight: 400;\">-Dixon Quitian y Sof\u00eda Orihuela hablan de la experiencia en la creaci\u00f3n de TINKU.<\/span><\/p>\n<p>&nbsp;<\/p>\n<p><span style=\"font-weight: 400;\">&#8211;<\/span><b>TRILOG\u00cdA \u00cdNTIMAS P\u00fablicas &#8211; Chile<\/b><\/p>\n<p><b>Tiempo por Tomar<\/b><span style=\"font-weight: 400;\"> \/ Carla Romero &amp; Carola S\u00e1nchez \/ 6:10 min<\/span><\/p>\n<p><b>El Paisaje Interior<\/b><span style=\"font-weight: 400;\"> \/ Paula Sacur \/ 13:42 min\u00a0<\/span><\/p>\n<p><b>EMBRACEless<\/b><span style=\"font-weight: 400;\"> \/ Mayo Rodr\u00edguez Baeza \/ 4:21 mn<\/span><\/p>\n<p><span style=\"font-weight: 400;\">Charla sobre la experiencia colaborativa en la creaci\u00f3n de \u00cdNTIMAS P\u00daBLICAS.<\/span><\/p>\n<p>&nbsp;<\/p>\n<p><b>Mayo Rodr\u00edguez Baeza &#8211; Chile.\u00a0<\/b><\/p>\n<p><span style=\"font-weight: 400;\">Performer, bailarina e ingeniera ambiental. Activadora y productora creativa con un enfoque en la danza, el cruce de disciplinas y la conexi\u00f3n. Curadora de danza, cine de danza y cine. Directora Art\u00edstica del Festival de Cine de Danza Bestias Danzantes. Como bailarina &#8211; int\u00e9rprete, ha sido parte de diversas obras de reconocidos core\u00f3grafos chilenos; incluyendo piezas de gran formato presentadas en relevantes festivales. Actualmente forma parte del proyecto colaborativo de investigaci\u00f3n y creaci\u00f3n Chileno \u2013 Alem\u00e1n niss-rodriguez junto a Ann-Leonie Niss, creando las experiencias In_Connection y Embrac_olation. Como curadora, ha desarrollado y colaborado en m\u00e1s de 25 programas especiales de danza y Cine de Danza para diversos espacios convencionales y no convencionales a nivel internacional. @mayo.rod<\/span><\/p>\n<p><a href=\"https:\/\/www.bestiasdanzantes.com\/\"><span style=\"font-weight: 400;\">https:\/\/www.bestiasdanzantes.com\/<\/span><\/a><\/p>\n<p>&nbsp;<\/p>\n<p><b>Paula Sacur &#8211; Chile<\/b><\/p>\n<p><span style=\"font-weight: 400;\">Investigadora som\u00e1tica-esc\u00e9nica, int\u00e9rprete y docente en danza contempor\u00e1nea. Certificada en Educador del Movimiento Som\u00e1tico (SEM) en Body-Mind Centering\u2122, Brasil. Magister en Danza, Cuerpo y Cognici\u00f3n, Universidad Federal de Bah\u00eda, Brasil. Int\u00e9rprete en danza en Chile y Europa. En 2003 gana el premio Altazor de las Artes Nacionales, Chile, Mejor Bailarina por \u201cPichanga\u201d. Creaciones esc\u00e9nicas de autor\u00eda; \u201cCostamarfil\u201d, \u201cLiving Paradiso\u201d, \u201cPaisajes\u201d y \u201cOrgiologia\u201d obra Transesc\u00e9nica, codirigida con Ernesto Orellana. \u201cEl Paisaje Interior\u201d video-danza, Ciclos Vitales II Nave, gana Premio del C\u00edrculo de Cr\u00edticos de las Artes de Chile, a mejor puesta en pantalla 2021. @pausacur<\/span><\/p>\n<p>&nbsp;<\/p>\n<p><b>Carla Romero &#8211; Chile<\/b><\/p>\n<p><span style=\"font-weight: 400;\">Estudi\u00f3 actuaci\u00f3n en la Universidad Cat\u00f3lica de Chile en donde se acerc\u00f3 a la danza y a la\u00a0<\/span><\/p>\n<p><span style=\"font-weight: 400;\">escritura. Ha trabajado con diversas compa\u00f1\u00edas tanto de teatro como de danza, interes\u00e1ndose en el cruce interdisciplinario, lo que le ha permitido experimentar en diversos formatos como instalaci\u00f3n y \u00f3pera.<\/span><\/p>\n<p><span style=\"font-weight: 400;\">El a\u00f1o 2016 viaja a M\u00e9xico y reside all\u00ed por 4 a\u00f1os. En este pa\u00eds forma la Compa\u00f1\u00eda MalaMadre en donde escribe y dirige. En sus trabajos busca valorar y visibilizar el rol pol\u00edtico de las mujeres en Latinoam\u00e9rica, poni\u00e9ndolos en di\u00e1logo con temas \u00edntimos como la maternidad, el amor de pareja, la soledad. En sus textos existe una ficci\u00f3n que es atrapada por la realidad. @rabioso1980<\/span><\/p>\n<p>&nbsp;<\/p>\n<p><b>Carola S\u00e1nchez Bordas &#8211; Chile<\/b><span style=\"font-weight: 400;\">\u00a0<\/span><\/p>\n<p><span style=\"font-weight: 400;\">Ha trabajado como Directora de Arte y Directora Creativa en diferentes agencias de Chile, Barcelona y Costa Rica, desarroll\u00e9 en forma independiente campa\u00f1as Institucionales para organismos de DDHH, Festivales de Teatro, Danza y Cine. Ha obtenido 2 Leones en el Festival de Cannes, el Grand Prix Nueva York , Grand Prix FIAP, Argentina y\u00a0 Grand Prix ACHAP Chile. Sus inicios en el \u00e1rea audiovisual fueron piezas de video arte y video danza exhibidas internacionalmente.<\/span><span style=\"font-weight: 400;\">. <\/span><span style=\"font-weight: 400;\">Actualmente reside en M\u00e9xico por los proyectos que dirije tanto en LATAM como en USA.\u00a0\u00a0<\/span><\/p>\n<p>&nbsp;<\/p>\n<p><b>Tuix\u00e9n Benet<\/b> <b>&#8211; Espa\u00f1a<\/b><\/p>\n<p><span style=\"font-weight: 400;\">Cineasta y core\u00f3grafa. Premiada por su Excepcional Aportaci\u00f3n al Cine de Danza en Choreoscope, 2020. Ha creado coreograf\u00edas para largometrajes, campa\u00f1as publicitarias, videodanza y videos musicales, colaborando con artistas como Tame Impala, Polo &amp; Pan, El Guincho y Juanes. Co-fund\u00f3 la compa\u00f1\u00eda de danza Les filles F\u00f6llen, ganadora al Mejor Nuevo Talento en 2011, Catalu\u00f1a. Sus obras han estado en festivales en Europa y Am\u00e9rica. Se gradu\u00f3 en Coreograf\u00eda en el Institut del Teatre de Barcelona. Tiene una Maestr\u00eda en Direcci\u00f3n de Cine en el Instituto de las Artes de California.<\/span><\/p>\n","protected":false},"excerpt":{"rendered":"<p>Viernes 29 de abril Conversatorio: EnRED\u00e1ndonos &#8211;\u00a0 Acciones en RED Performance en vivo, noticias y obras Via canal de YouTube: https:\/\/www.youtube.com\/c\/REDIV Horario:\u00a0 15h Costa Rica \/\u00a0 16h Colombia-Ecuador-M\u00e9xico \/\u00a0 17h Bolivia-Cuba-Chile-Paraguay-Venezuela\/\u00a0 18h Argentina-Brasil-Uruguay\u00a0 \/\u00a0 22h Portugal\u00a0 \/\u00a0 23h Espa\u00f1a. REDIV compartir\u00e1 una performance en vivo, nos hablar\u00e1 brevemente de los logros de su trabajo colectivo [&hellip;]<\/p>\n","protected":false},"author":1,"featured_media":0,"comment_status":"open","ping_status":"open","sticky":false,"template":"","format":"standard","meta":{"footnotes":""},"categories":[16],"tags":[],"class_list":["post-117","post","type-post","status-publish","format-standard","hentry","category-eventos"],"_links":{"self":[{"href":"https:\/\/rediv.org\/noticias\/wp-json\/wp\/v2\/posts\/117","targetHints":{"allow":["GET"]}}],"collection":[{"href":"https:\/\/rediv.org\/noticias\/wp-json\/wp\/v2\/posts"}],"about":[{"href":"https:\/\/rediv.org\/noticias\/wp-json\/wp\/v2\/types\/post"}],"author":[{"embeddable":true,"href":"https:\/\/rediv.org\/noticias\/wp-json\/wp\/v2\/users\/1"}],"replies":[{"embeddable":true,"href":"https:\/\/rediv.org\/noticias\/wp-json\/wp\/v2\/comments?post=117"}],"version-history":[{"count":1,"href":"https:\/\/rediv.org\/noticias\/wp-json\/wp\/v2\/posts\/117\/revisions"}],"predecessor-version":[{"id":138,"href":"https:\/\/rediv.org\/noticias\/wp-json\/wp\/v2\/posts\/117\/revisions\/138"}],"wp:attachment":[{"href":"https:\/\/rediv.org\/noticias\/wp-json\/wp\/v2\/media?parent=117"}],"wp:term":[{"taxonomy":"category","embeddable":true,"href":"https:\/\/rediv.org\/noticias\/wp-json\/wp\/v2\/categories?post=117"},{"taxonomy":"post_tag","embeddable":true,"href":"https:\/\/rediv.org\/noticias\/wp-json\/wp\/v2\/tags?post=117"}],"curies":[{"name":"wp","href":"https:\/\/api.w.org\/{rel}","templated":true}]}}