{"id":123,"date":"2022-04-26T05:16:46","date_gmt":"2022-04-26T05:16:46","guid":{"rendered":"https:\/\/rediv.org\/noticias\/?p=123"},"modified":"2022-04-26T05:40:48","modified_gmt":"2022-04-26T05:40:48","slug":"entrevistas-premios-rediv-2021-2","status":"publish","type":"post","link":"https:\/\/rediv.org\/noticias\/entrevistas-premios-rediv-2021-2\/","title":{"rendered":"Entrevistas: PREMIOS REDIV 2021"},"content":{"rendered":"<p>&nbsp;<\/p>\n<div id='gallery-1' class='gallery galleryid-123 gallery-columns-3 gallery-size-medium'><figure class='gallery-item'>\n\t\t\t<div class='gallery-icon landscape'>\n\t\t\t\t<a href='https:\/\/rediv.org\/noticias\/wp-content\/uploads\/2022\/04\/Screen-Shot-2022-04-26-at-0.14.00.png'><img loading=\"lazy\" decoding=\"async\" width=\"300\" height=\"300\" src=\"https:\/\/rediv.org\/noticias\/wp-content\/uploads\/2022\/04\/Screen-Shot-2022-04-26-at-0.14.00-300x300.png\" class=\"attachment-medium size-medium\" alt=\"\" srcset=\"https:\/\/rediv.org\/noticias\/wp-content\/uploads\/2022\/04\/Screen-Shot-2022-04-26-at-0.14.00-300x300.png 300w, https:\/\/rediv.org\/noticias\/wp-content\/uploads\/2022\/04\/Screen-Shot-2022-04-26-at-0.14.00-150x150.png 150w, https:\/\/rediv.org\/noticias\/wp-content\/uploads\/2022\/04\/Screen-Shot-2022-04-26-at-0.14.00-768x768.png 768w, https:\/\/rediv.org\/noticias\/wp-content\/uploads\/2022\/04\/Screen-Shot-2022-04-26-at-0.14.00.png 793w\" sizes=\"auto, (max-width: 300px) 100vw, 300px\" \/><\/a>\n\t\t\t<\/div><\/figure><figure class='gallery-item'>\n\t\t\t<div class='gallery-icon landscape'>\n\t\t\t\t<a href='https:\/\/rediv.org\/noticias\/wp-content\/uploads\/2022\/04\/Screen-Shot-2022-04-26-at-0.14.11.png'><img loading=\"lazy\" decoding=\"async\" width=\"300\" height=\"300\" src=\"https:\/\/rediv.org\/noticias\/wp-content\/uploads\/2022\/04\/Screen-Shot-2022-04-26-at-0.14.11-300x300.png\" class=\"attachment-medium size-medium\" alt=\"\" srcset=\"https:\/\/rediv.org\/noticias\/wp-content\/uploads\/2022\/04\/Screen-Shot-2022-04-26-at-0.14.11-300x300.png 300w, https:\/\/rediv.org\/noticias\/wp-content\/uploads\/2022\/04\/Screen-Shot-2022-04-26-at-0.14.11-150x150.png 150w, https:\/\/rediv.org\/noticias\/wp-content\/uploads\/2022\/04\/Screen-Shot-2022-04-26-at-0.14.11-768x766.png 768w, https:\/\/rediv.org\/noticias\/wp-content\/uploads\/2022\/04\/Screen-Shot-2022-04-26-at-0.14.11.png 794w\" sizes=\"auto, (max-width: 300px) 100vw, 300px\" \/><\/a>\n\t\t\t<\/div><\/figure><figure class='gallery-item'>\n\t\t\t<div class='gallery-icon landscape'>\n\t\t\t\t<a href='https:\/\/rediv.org\/noticias\/wp-content\/uploads\/2022\/04\/Screen-Shot-2022-04-26-at-0.14.21.png'><img loading=\"lazy\" decoding=\"async\" width=\"300\" height=\"300\" src=\"https:\/\/rediv.org\/noticias\/wp-content\/uploads\/2022\/04\/Screen-Shot-2022-04-26-at-0.14.21-300x300.png\" class=\"attachment-medium size-medium\" alt=\"\" srcset=\"https:\/\/rediv.org\/noticias\/wp-content\/uploads\/2022\/04\/Screen-Shot-2022-04-26-at-0.14.21-300x300.png 300w, https:\/\/rediv.org\/noticias\/wp-content\/uploads\/2022\/04\/Screen-Shot-2022-04-26-at-0.14.21-150x150.png 150w, https:\/\/rediv.org\/noticias\/wp-content\/uploads\/2022\/04\/Screen-Shot-2022-04-26-at-0.14.21-768x765.png 768w, https:\/\/rediv.org\/noticias\/wp-content\/uploads\/2022\/04\/Screen-Shot-2022-04-26-at-0.14.21.png 795w\" sizes=\"auto, (max-width: 300px) 100vw, 300px\" \/><\/a>\n\t\t\t<\/div><\/figure>\n\t\t<\/div>\n\n<p><b>Quarta-feira, 27 de abril<\/b><\/p>\n<p><b>Entrevistas: PREMIOS REDIV 2021<\/b><\/p>\n<p><span style=\"font-weight: 400;\">Acompanhe a conversa em:\u00a0<\/span><\/p>\n<p><a href=\"http:\/\/www.youtube.com\/c\/REDIV\"><span style=\"font-weight: 400;\">www.YouTube.com\/c\/REDIV<\/span><\/a><\/p>\n<p><span style=\"font-weight: 400;\">Hor\u00e1rio:<\/span><\/p>\n<p><span style=\"font-weight: 400;\">16h Costa Rica<\/span><\/p>\n<p><span style=\"font-weight: 400;\">17h Col\u00f4mbia \u2013 Equador \u2013 M\u00e9xico<\/span><\/p>\n<p><span style=\"font-weight: 400;\">18h Bol\u00edvia \u2013 Cuba \u2013 Chile \u2013 Paraguai \u2013 Venezuela<\/span><\/p>\n<p><span style=\"font-weight: 400;\">19h Argentina \u2013 Brasil \u2013 Uruguai<\/span><\/p>\n<p><span style=\"font-weight: 400;\">23h Portugal<\/span><\/p>\n<p><span style=\"font-weight: 400;\">24h Espanha<\/span><\/p>\n<p><span style=\"font-weight: 400;\">\u00a0<\/span><\/p>\n<p>&nbsp;<\/p>\n<p><span style=\"font-weight: 400;\">A REDIV concedeu alguns pr\u00eamios organizados pelos festivais participantes da rede, que em alguns casos s\u00e3o men\u00e7\u00f5es e reconhecimentos. Os j\u00faris desses pr\u00eamios s\u00e3o membros da REDIV. Durante esta\u00a0<\/span><\/p>\n<p><span style=\"font-weight: 400;\">conversa, alguns dos vencedores destes pr\u00e9mios-incentivos-men\u00e7\u00f5es conversam brevemente com v\u00e1rios membros da rede, a fim de comentar as cria\u00e7\u00f5es em particular e a videodan\u00e7a em geral.<\/span><\/p>\n<p><span style=\"font-weight: 400;\">\u00a0<\/span><\/p>\n<p><span style=\"font-weight: 400;\">Participantes da REDIV:<\/span><\/p>\n<p><span style=\"font-weight: 400;\">Juana Miranda, Beatriz Cerbino, Mar\u00eda Fernanda Vallejos, Silvina Szperling, Claudia S\u00e1nchez.<\/span><\/p>\n<p><span style=\"font-weight: 400;\">\u00a0<\/span><\/p>\n<p><span style=\"font-weight: 400;\">Criadores entrevistados:<\/span><\/p>\n<p><span style=\"font-weight: 400;\">Okado do Canal, Rita da Silva, Clara Silveira, David<\/span><\/p>\n<p><span style=\"font-weight: 400;\">Samaniego, <\/span><span style=\"font-weight: 400;\">Mariana<\/span><\/p>\n<p><span style=\"font-weight: 400;\">Bellotto, Dixon Quitian, Soraya Vargas.<\/span><\/p>\n<p><span style=\"font-weight: 400;\">\u00a0<\/span><\/p>\n<p><span style=\"font-weight: 400;\">&#8211; Apresenta\u00e7\u00e3o do festival C\u00c1MARA CORPORIZADA e seus pr\u00eamios, por Claudia S\u00e1nchez.<\/span><\/p>\n<p><span style=\"font-weight: 400;\">\u00a0<\/span><\/p>\n<p><span style=\"font-weight: 400;\">&#8211; Mar\u00eda Fernanda Vallejos entrevista Clara Silveira e David Samaniego, pelo trabalho <\/span><i><span style=\"font-weight: 400;\">Interlude<\/span><\/i><span style=\"font-weight: 400;\">. <\/span><b>MEN\u00c7\u00c3O REDIV C\u00c2MERA CORPORIZADA 2021.<\/b><\/p>\n<p><span style=\"font-weight: 400;\">\u00a0<\/span><\/p>\n<p><span style=\"font-weight: 400;\">&#8211; Beatriz Cerbino entrevista Rita de C\u00e1cia Oenning da Silva e Okado do Canal, pelo trabalho <\/span><i><span style=\"font-weight: 400;\">Insurrection<\/span><\/i><span style=\"font-weight: 400;\">. <\/span><b>PR\u00caMIO REDIV C\u00c2MERA CORPORIZADA 2021.<\/b><\/p>\n<p><span style=\"font-weight: 400;\">\u00a0<\/span><\/p>\n<p><span style=\"font-weight: 400;\">&#8211; Introdu\u00e7\u00e3o do festival VideodanzaBA e seus pr\u00eamios, por Silvina Szperling.<\/span><\/p>\n<p><span style=\"font-weight: 400;\">\u00a0<\/span><\/p>\n<p><span style=\"font-weight: 400;\">&#8211; Juana Miranda entrevista Dixon Quitian e Soraya Vargas, pelo trabalho <\/span><i><span style=\"font-weight: 400;\">EN SILENCIO<\/span><\/i><span style=\"font-weight: 400;\">. <\/span><b>MEN\u00c7\u00c3O REDIV VIDEODANZABA 2021.<\/b><\/p>\n<p>&nbsp;<\/p>\n<p><span style=\"font-weight: 400;\">&#8211; Mar\u00eda Fernanda Vallejos entrevista Mariana Belloto, para o trabalho <\/span><i><span style=\"font-weight: 400;\">TRILOG\u00cdA PAND\u00c9MICA<\/span><\/i><span style=\"font-weight: 400;\">. <\/span><b>PR\u00caMIO REDIV EM VIDEODANZABA 2021.<\/b><\/p>\n<p><span style=\"font-weight: 400;\">\u00a0<\/span><\/p>\n<p><span style=\"font-weight: 400;\">\u00a0<\/span><\/p>\n<p><b>Juana Miranda \u2013 Paraguai<\/b><\/p>\n<p><span style=\"font-weight: 400;\">Cineasta. Produtora de Paz Encina em curtas-metragens, instala\u00e7\u00f5es e no longa-metragem <\/span><i><span style=\"font-weight: 400;\">Exerc\u00edcios de Mem\u00f3ria<\/span><\/i><span style=\"font-weight: 400;\">. Graduando em Filosofia na Faculdade de Filosofia e Letras da Universidade Nacional de Assun\u00e7\u00e3o. Diretora de Eku&#8217;e Videodanza de Assun\u00e7\u00e3o e coprodutora do Encontro Internacional de Dan\u00e7a e Arte Contempor\u00e2nea <\/span><i><span style=\"font-weight: 400;\">Crear en Libertad<\/span><\/i><span style=\"font-weight: 400;\">, de Assun\u00e7\u00e3o. Faz parte do setor de Profissionais e T\u00e9cnicos do Conselho Nacional do Audiovisual do Paraguai. Cofundador da REDIV.<\/span><\/p>\n<p>&nbsp;<\/p>\n<p><b>Beatriz Cerbino \u2013 Brasil<\/b><\/p>\n<p><span style=\"font-weight: 400;\">Professora da Universidade Federal Fluminense (UFF) no curso de gradua\u00e7\u00e3o em Produ\u00e7\u00e3o Cultural e no Programa de P\u00f3s-gradua\u00e7\u00e3o em Estudos Contempor\u00e2neos das Artes (PPGCA). Seus temas de pesquisa s\u00e3o videodan\u00e7a, hist\u00f3ria e cr\u00edtica da dan\u00e7a, bem como a autoria do e no corpo. \u00c9 pesquisadora do INCT Proprietas, colaboradora da REDIV \u2013 Rede Ibero-Americana de Videodan\u00e7a e pesquisadora colaboradora do Projeto TEPe \u2013 Technologically Expanded Performance. Curadora da mostra Redes Confluentes.<\/span><\/p>\n<p>&nbsp;<\/p>\n<p><span style=\"font-weight: 400;\">\u00a0<\/span><b>Claudia Sanchez \u2013 Argentina<\/b><\/p>\n<p><span style=\"font-weight: 400;\">Bacharel em Artes. Especialista em Gest\u00e3o Cultural (UBA). Dirige a plataforma <\/span><span style=\"font-weight: 400;\">C\u00e1mara Corporizada<\/span><span style=\"font-weight: 400;\">. Possui vasta experi\u00eancia em planejamento, produ\u00e7\u00e3o e coordena\u00e7\u00e3o de eventos e produtos culturais e art\u00edsticos. Professora e consultora em oficinas e laborat\u00f3rios nacionais e internacionais.<\/span><\/p>\n<p><span style=\"font-weight: 400;\">\u00a0<\/span><\/p>\n<p><b>Silvina Szperling \u2013 Argentina<\/b><\/p>\n<p><span style=\"font-weight: 400;\">Pioneira do g\u00eanero videodan\u00e7a na Argentina, com a obra<\/span><i><span style=\"font-weight: 400;\"> Temblor<\/span><\/i><span style=\"font-weight: 400;\">. Fundadora e diretora do Festival Internacional VideodanzaBA, membro fundador do Circuito MERCOSUL de Videodan\u00e7a, do F\u00f3rum Latino-Americano de Videodan\u00e7a e da REDIV. Grande Pr\u00eamio no festival Dance For The Camera da Universidade de Utah. Sua videodan\u00e7a <\/span><i><span style=\"font-weight: 400;\">Ch\u00e1mame<\/span><\/i><span style=\"font-weight: 400;\"> (2008) ganhou o primeiro pr\u00eamio no concurso dancescreen\/IMZ 2010, no festival Amsterdam Cinedans, na categoria coreografia para c\u00e2mera. Em 2015, estreou seu primeiro longa-metragem documental, <\/span><i><span style=\"font-weight: 400;\">Reflejo Narcisa<\/span><\/i><span style=\"font-weight: 400;\">, no festival BAFICI.<\/span><\/p>\n<p><span style=\"font-weight: 400;\">\u00a0<\/span><\/p>\n<p><b>Mariana Bellotto \u2013\u00a0<\/b><\/p>\n<p><span style=\"font-weight: 400;\">H\u00e1 mais de tr\u00eas d\u00e9cadas desenvolve um prol\u00edfico e original trabalho autoral de cria\u00e7\u00e3o coreogr\u00e1fica. As suas obras caracterizam-se por combinar v\u00e1rios formatos e suportes com uma marcada interdisciplinaridade. Apresentou seus trabalhos nas seguintes mostras e festivais:\u00a0 Bienal de Performance (BP17); Centro de Experimenta\u00e7\u00e3o Teatral Col\u00f3n (CETC); Festival Internacional de Buenos Aires (FIBA); na BIENALSUR; Centre National de la Danse de Paris e Pantin (CND); Festival Internacional de Dan\u00e7a de Montpellier, Fran\u00e7a; Instituto Cervantes de T\u00f3quio, Jap\u00e3o; Universidade Central da Venezuela; Panorama do Rio de Janeiro, Brasil;\u00a0 Funda\u00e7\u00e3o NC-art, Bogot\u00e1, Col\u00f4mbia; Busan International Dance Festival e Pocket Festival em Seul, Coreia do Sul; Opera House, Cairo, Egito; Tanzhaus nrw, D\u00fcsseldorf e K\u00fcnstlerhaus Mousonturm, Frankfurt, Alemanha; entre outros.<\/span><\/p>\n<p><span style=\"font-weight: 400;\">\u00a0<\/span><\/p>\n<p><b>Dixon Quitian \u2013 Col\u00f4mbia<\/b><\/p>\n<p><span style=\"font-weight: 400;\">Comunicador social, jornalista, cofundador e diretor art\u00edstico da <\/span><i><span style=\"font-weight: 400;\">Fundaci\u00f3n Imagen en Movimiento<\/span><\/i><span style=\"font-weight: 400;\">, cofundador do Festival VideoMovimiento, produtor, diretor, professor e pioneiro do cen\u00e1rio virtual e da videodan\u00e7a na Col\u00f4mbia. Sua incans\u00e1vel atividade de divulga\u00e7\u00e3o do trabalho de pioneiros, core\u00f3grafos e bailarines de lugares remotos e de comunidades minorit\u00e1rias e exclu\u00eddas do pa\u00eds, ajudou a dar visibilidade a projetos de empreendedorismo cultural, expondo seu trabalho internacionalmente.<\/span><a href=\"https:\/\/videomovimiento.com\/nosotros-1\"> <span style=\"font-weight: 400;\">DIXON QUITIAN<\/span><\/a><\/p>\n<p><span style=\"font-weight: 400;\">\u00a0<\/span><\/p>\n<p><b>Soraya Vargas \u2013 Col\u00f4mbia\u00a0<\/b><\/p>\n<p><span style=\"font-weight: 400;\">Bailarina, Core\u00f3grafa, Bacharel em Artes, artista interdisciplinar, produtora de videodan\u00e7a, professora e gestora. Co-Fundadora e Diretora da Fundaci\u00f3n Imagen En Movimiento desde 2004. Recebeu men\u00e7\u00f5es e pr\u00eamios por seu trabalho em dan\u00e7a e videodan\u00e7a, nacional e internacionalmente. Pioneira da Videodan\u00e7a e Dan\u00e7a Multim\u00eddia na Col\u00f4mbia. Criadora, produtora e co-diretora do Festival Internacional VIDEOMOVEMENTO COL\u00d4MBIA desde 2004. Participou do F\u00f3rum Latino-Americano de Videodan\u00e7a desde 2011. Co-fundadora de REDIV.\u00a0 <\/span><a href=\"https:\/\/videomovimiento.com\/nosotros-1\"><span style=\"font-weight: 400;\">SORAYA VARGAS ROJAS<\/span><\/a><\/p>\n<p><span style=\"font-weight: 400;\">\u00a0<\/span><\/p>\n<p><b>Okado do Canal \u2013 Brasil<\/b><\/p>\n<p><span style=\"font-weight: 400;\">Nasceu nas favelas do Recife, onde aprendeu breakdance e rap, e eventualmente cinema. Como ator, seus filmes foram exibidos em alguns dos festivais mais importantes do mundo, como b-boy conquistou o segundo lugar no campeonato sul-americano de breakdance. <\/span><i><span style=\"font-weight: 400;\">Insurrection<\/span><\/i><span style=\"font-weight: 400;\"> \u00e9 seu quinto curta-metragem.<\/span><\/p>\n<p>&nbsp;<\/p>\n<p><span style=\"font-weight: 400;\">\u00a0<\/span><b>Rita da Silva \u2013 Brasil<\/b><\/p>\n<p><span style=\"font-weight: 400;\">Antrop\u00f3loga e cineasta. <\/span><i><span style=\"font-weight: 400;\">Princesa no Beco<\/span><\/i><span style=\"font-weight: 400;\">, seu primeiro longa-metragem, ganhou o pr\u00eamio de melhor filme de 2017 da <\/span><i><span style=\"font-weight: 400;\">Subversive Cinema Society<\/span><\/i><span style=\"font-weight: 400;\"> e o document\u00e1rio <\/span><i><span style=\"font-weight: 400;\">O Outro Lado do Outro<\/span><\/i><span style=\"font-weight: 400;\"> est\u00e1 em exibi\u00e7\u00e3o na TV p\u00fablica do Brasil. Atualmente \u00e9 diretora da ONG Usina da Imagina\u00e7\u00e3o.<\/span><\/p>\n<p><span style=\"font-weight: 400;\">\u00a0<\/span><\/p>\n<p><b>Clara Silveira<\/b><\/p>\n<p><b>David Samaniego<\/b><\/p>\n","protected":false},"excerpt":{"rendered":"<p>&nbsp; Quarta-feira, 27 de abril Entrevistas: PREMIOS REDIV 2021 Acompanhe a conversa em:\u00a0 www.YouTube.com\/c\/REDIV Hor\u00e1rio: 16h Costa Rica 17h Col\u00f4mbia \u2013 Equador \u2013 M\u00e9xico 18h Bol\u00edvia \u2013 Cuba \u2013 Chile \u2013 Paraguai \u2013 Venezuela 19h Argentina \u2013 Brasil \u2013 Uruguai 23h Portugal 24h Espanha \u00a0 &nbsp; A REDIV concedeu alguns pr\u00eamios organizados pelos festivais participantes [&hellip;]<\/p>\n","protected":false},"author":1,"featured_media":0,"comment_status":"open","ping_status":"open","sticky":false,"template":"","format":"standard","meta":{"footnotes":""},"categories":[18],"tags":[],"class_list":["post-123","post","type-post","status-publish","format-standard","hentry","category-eventos-pt"],"_links":{"self":[{"href":"https:\/\/rediv.org\/noticias\/wp-json\/wp\/v2\/posts\/123","targetHints":{"allow":["GET"]}}],"collection":[{"href":"https:\/\/rediv.org\/noticias\/wp-json\/wp\/v2\/posts"}],"about":[{"href":"https:\/\/rediv.org\/noticias\/wp-json\/wp\/v2\/types\/post"}],"author":[{"embeddable":true,"href":"https:\/\/rediv.org\/noticias\/wp-json\/wp\/v2\/users\/1"}],"replies":[{"embeddable":true,"href":"https:\/\/rediv.org\/noticias\/wp-json\/wp\/v2\/comments?post=123"}],"version-history":[{"count":1,"href":"https:\/\/rediv.org\/noticias\/wp-json\/wp\/v2\/posts\/123\/revisions"}],"predecessor-version":[{"id":124,"href":"https:\/\/rediv.org\/noticias\/wp-json\/wp\/v2\/posts\/123\/revisions\/124"}],"wp:attachment":[{"href":"https:\/\/rediv.org\/noticias\/wp-json\/wp\/v2\/media?parent=123"}],"wp:term":[{"taxonomy":"category","embeddable":true,"href":"https:\/\/rediv.org\/noticias\/wp-json\/wp\/v2\/categories?post=123"},{"taxonomy":"post_tag","embeddable":true,"href":"https:\/\/rediv.org\/noticias\/wp-json\/wp\/v2\/tags?post=123"}],"curies":[{"name":"wp","href":"https:\/\/api.w.org\/{rel}","templated":true}]}}