{"id":130,"date":"2022-04-26T05:21:04","date_gmt":"2022-04-26T05:21:04","guid":{"rendered":"https:\/\/rediv.org\/noticias\/?p=130"},"modified":"2022-04-26T05:40:46","modified_gmt":"2022-04-26T05:40:46","slug":"conversa-primeira-mostra-universitaria-rediv-2022","status":"publish","type":"post","link":"https:\/\/rediv.org\/noticias\/conversa-primeira-mostra-universitaria-rediv-2022\/","title":{"rendered":"CONVERSA: PRIMEIRA MOSTRA UNIVERSIT\u00c1RIA REDIV 2022."},"content":{"rendered":"<p>&nbsp;<\/p>\n<div id='gallery-1' class='gallery galleryid-130 gallery-columns-3 gallery-size-medium'><figure class='gallery-item'>\n\t\t\t<div class='gallery-icon landscape'>\n\t\t\t\t<a href='https:\/\/rediv.org\/noticias\/wp-content\/uploads\/2022\/04\/Screen-Shot-2022-04-26-at-0.17.24.png'><img loading=\"lazy\" decoding=\"async\" width=\"300\" height=\"300\" src=\"https:\/\/rediv.org\/noticias\/wp-content\/uploads\/2022\/04\/Screen-Shot-2022-04-26-at-0.17.24-300x300.png\" class=\"attachment-medium size-medium\" alt=\"\" srcset=\"https:\/\/rediv.org\/noticias\/wp-content\/uploads\/2022\/04\/Screen-Shot-2022-04-26-at-0.17.24-300x300.png 300w, https:\/\/rediv.org\/noticias\/wp-content\/uploads\/2022\/04\/Screen-Shot-2022-04-26-at-0.17.24-150x150.png 150w, https:\/\/rediv.org\/noticias\/wp-content\/uploads\/2022\/04\/Screen-Shot-2022-04-26-at-0.17.24-768x766.png 768w, https:\/\/rediv.org\/noticias\/wp-content\/uploads\/2022\/04\/Screen-Shot-2022-04-26-at-0.17.24.png 793w\" sizes=\"auto, (max-width: 300px) 100vw, 300px\" \/><\/a>\n\t\t\t<\/div><\/figure><figure class='gallery-item'>\n\t\t\t<div class='gallery-icon landscape'>\n\t\t\t\t<a href='https:\/\/rediv.org\/noticias\/wp-content\/uploads\/2022\/04\/Screen-Shot-2022-04-26-at-0.17.36.png'><img loading=\"lazy\" decoding=\"async\" width=\"300\" height=\"300\" src=\"https:\/\/rediv.org\/noticias\/wp-content\/uploads\/2022\/04\/Screen-Shot-2022-04-26-at-0.17.36-300x300.png\" class=\"attachment-medium size-medium\" alt=\"\" srcset=\"https:\/\/rediv.org\/noticias\/wp-content\/uploads\/2022\/04\/Screen-Shot-2022-04-26-at-0.17.36-300x300.png 300w, https:\/\/rediv.org\/noticias\/wp-content\/uploads\/2022\/04\/Screen-Shot-2022-04-26-at-0.17.36-150x150.png 150w, https:\/\/rediv.org\/noticias\/wp-content\/uploads\/2022\/04\/Screen-Shot-2022-04-26-at-0.17.36-768x768.png 768w, https:\/\/rediv.org\/noticias\/wp-content\/uploads\/2022\/04\/Screen-Shot-2022-04-26-at-0.17.36.png 792w\" sizes=\"auto, (max-width: 300px) 100vw, 300px\" \/><\/a>\n\t\t\t<\/div><\/figure><figure class='gallery-item'>\n\t\t\t<div class='gallery-icon landscape'>\n\t\t\t\t<a href='https:\/\/rediv.org\/noticias\/wp-content\/uploads\/2022\/04\/Screen-Shot-2022-04-26-at-0.17.47.png'><img loading=\"lazy\" decoding=\"async\" width=\"300\" height=\"300\" src=\"https:\/\/rediv.org\/noticias\/wp-content\/uploads\/2022\/04\/Screen-Shot-2022-04-26-at-0.17.47-300x300.png\" class=\"attachment-medium size-medium\" alt=\"\" srcset=\"https:\/\/rediv.org\/noticias\/wp-content\/uploads\/2022\/04\/Screen-Shot-2022-04-26-at-0.17.47-300x300.png 300w, https:\/\/rediv.org\/noticias\/wp-content\/uploads\/2022\/04\/Screen-Shot-2022-04-26-at-0.17.47-150x150.png 150w, https:\/\/rediv.org\/noticias\/wp-content\/uploads\/2022\/04\/Screen-Shot-2022-04-26-at-0.17.47-768x767.png 768w, https:\/\/rediv.org\/noticias\/wp-content\/uploads\/2022\/04\/Screen-Shot-2022-04-26-at-0.17.47.png 798w\" sizes=\"auto, (max-width: 300px) 100vw, 300px\" \/><\/a>\n\t\t\t<\/div><\/figure>\n\t\t<\/div>\n\n<p>&nbsp;<\/p>\n<p><b>Quinta-feira \u2013 28 de Abril<\/b><\/p>\n<p><b>CONVERSA: PRIMEIRA MOSTRA UNIVERSIT\u00c1RIA REDIV 2022.\u00a0<\/b><\/p>\n<p><span style=\"font-weight: 400;\">Acompanhe a conversa em:\u00a0<\/span><\/p>\n<p><a href=\"http:\/\/www.youtube.com\/c\/REDIV\"><span style=\"font-weight: 400;\">www.YouTube.com\/c\/REDIV<\/span><\/a><\/p>\n<p>&nbsp;<\/p>\n<p><span style=\"font-weight: 400;\">Hor\u00e1rio:<\/span><span style=\"font-weight: 400;\">\u00a0<\/span><\/p>\n<p><span style=\"font-weight: 400;\">14h Costa Rica<\/span><\/p>\n<p><span style=\"font-weight: 400;\">15h <\/span><span style=\"font-weight: 400;\">Col\u00f4mbia \u2013 Equador \u2013 M\u00e9xico<\/span><\/p>\n<p><span style=\"font-weight: 400;\">16h <\/span><span style=\"font-weight: 400;\">Bol\u00edvia \u2013 Cuba \u2013 Chile \u2013 Paraguai \u2013 Venezuela<\/span><\/p>\n<p><span style=\"font-weight: 400;\">17h <\/span><span style=\"font-weight: 400;\">\u00a0Argentina \u2013 Brasil \u2013 Uruguai<\/span><\/p>\n<p><span style=\"font-weight: 400;\">21h <\/span><span style=\"font-weight: 400;\">Portugal<\/span><\/p>\n<p><span style=\"font-weight: 400;\">22h <\/span><span style=\"font-weight: 400;\">Espanha.<\/span><\/p>\n<p><span style=\"font-weight: 400;\">\u00a0<\/span><span style=\"font-weight: 400;\">\u00a0<\/span><\/p>\n<p><span style=\"font-weight: 400;\">Esta \u00e9 a primeira mostra universit\u00e1ria da REDIV com estreia na semana da dan\u00e7a. O comit\u00ea curatorial \u00e9 formado por Mariana Jaroslavsky, Soraya Vargas e Sarah Ferreira, com\u00a0 artistas convidados de universidades ibero-americanas para essa conversa.<\/span><\/p>\n<p><span style=\"font-weight: 400;\">Participantes<\/span><b>:<\/b> <span style=\"font-weight: 400;\">Oscar Malta (Brasil), Jana\u00edna Santos (Brasil), Dinah (Argentina), \u00c9den Peretta (Brasil), AnaBella Lenzu (Estados Unidos), Martin Esquivel Viveros (Argentina), Juan Ignacio Ferreras (Argentina), Marisol Salinas (Paraguay), Jan Marceau (Col\u00f4mbia), Andrea Hackl (Holanda), Junior Mendes (Brasil), Jeraldi Hiroki (Brasil), Fabiana Binetti (Argentina), Cecilia Resende (Brasil), Mario Cruz (M\u00e9xico), Allan Diniz (Brasil), Veronica Cecilia Rodriguez (Argentina), Yaneth Mes\u00edas Bola\u00f1os (Colombia), S\u00e2mya de Lima (Brasil), La\u00eds Otavio (Brasil), Diogo Angeli (Brasil) entre outros.<\/span><span style=\"font-weight: 400;\">\u00a0<\/span><span style=\"font-weight: 400;\">\u00a0<\/span><\/p>\n<p><span style=\"font-weight: 400;\">Moderadores membros da REDIV:<\/span><span style=\"font-weight: 400;\"> Sarah Ferreira, Soraya Vargas, Mariana Jaroslavsky.<\/span><\/p>\n<p><span style=\"font-weight: 400;\">\u00a0<\/span><\/p>\n<p><b>Mariana Jaroslavsky \u2013 Argentina<\/b><\/p>\n<p><span style=\"font-weight: 400;\">Int\u00e9rprete, core\u00f3grafa, realizadora e docente. Formada em Dan\u00e7a Contempor\u00e2nea no Institut del Teatre (Barcelona), pr\u00f3xima a obter sua\u00a0 P\u00f3s gradua\u00e7\u00e3o em Especializa\u00e7\u00e3o em Tend\u00eancias Contempor\u00e2neas da Dan\u00e7a (UMA-DAM), professora de \u201cOficina de Videdoadan\u00e7a\u201d e \u201cFotografia\u201d na Faculdade de Artes, Desenho e Ci\u00eancias da Cultura, da Universidade Nacional do Nordeste, em Resistencia, Argentina.<\/span><\/p>\n<p><span style=\"font-weight: 400;\">\u00a0<\/span><\/p>\n<p><b>Sarah Ferreira \u2013 Brasil<\/b><\/p>\n<p><span style=\"font-weight: 400;\">Performer, educadora e artista multim\u00eddia. \u00c9 doutoranda no Programa de P\u00f3s-Gradua\u00e7\u00e3o em Estudos Contempor\u00e2neos das Artes\/PPGCA, da Universidade Federal Fluminense (UFF). \u00c9 bacharel em Artes C\u00eanicas, pela Universidade do Estado de Santa Catarina (UDESC). Possui mestrado em Teatro, tamb\u00e9m pela UDESC, com a pesquisa \u2018Ativismo Curatorial\u00a0 na Videodan\u00e7a\u2019, em que discute a curadoria online dos eixos propostos no canal de pesquisa VIDEODAN\u00c7A+<\/span><\/p>\n<p><span style=\"font-weight: 400;\">\u00a0<\/span><\/p>\n<p><b>Soraya Vargas \u2013 Col\u00f4mbia<\/b><\/p>\n<p><span style=\"font-weight: 400;\">Bailarina, core\u00f3grafa, licenciada em Educa\u00e7\u00e3o Art\u00edstica, artista interdisciplinar, com estudos de dan\u00e7a, em teatro, m\u00fasica e audiovisual. Codiretora da <\/span><i><span style=\"font-weight: 400;\">Fundaci\u00f3n Imagen en Movimiento<\/span><\/i><span style=\"font-weight: 400;\">, desde 2004. Recebeu men\u00e7\u00f5es nacionais e internacionais por seu trabalho em dan\u00e7a e videodan\u00e7a. Pioneira da videodan\u00e7a na Col\u00f4mbia, \u00e9 criadora, produtora e codiretora do Festival Internacional de Videodan\u00e7a VIDEOMOVIMIENTO COL\u00d4MBIA, desde 2004.<\/span><\/p>\n","protected":false},"excerpt":{"rendered":"<p>&nbsp; &nbsp; Quinta-feira \u2013 28 de Abril CONVERSA: PRIMEIRA MOSTRA UNIVERSIT\u00c1RIA REDIV 2022.\u00a0 Acompanhe a conversa em:\u00a0 www.YouTube.com\/c\/REDIV &nbsp; Hor\u00e1rio:\u00a0 14h Costa Rica 15h Col\u00f4mbia \u2013 Equador \u2013 M\u00e9xico 16h Bol\u00edvia \u2013 Cuba \u2013 Chile \u2013 Paraguai \u2013 Venezuela 17h \u00a0Argentina \u2013 Brasil \u2013 Uruguai 21h Portugal 22h Espanha. \u00a0\u00a0 Esta \u00e9 a primeira mostra [&hellip;]<\/p>\n","protected":false},"author":1,"featured_media":0,"comment_status":"open","ping_status":"open","sticky":false,"template":"","format":"standard","meta":{"footnotes":""},"categories":[18],"tags":[],"class_list":["post-130","post","type-post","status-publish","format-standard","hentry","category-eventos-pt"],"_links":{"self":[{"href":"https:\/\/rediv.org\/noticias\/wp-json\/wp\/v2\/posts\/130","targetHints":{"allow":["GET"]}}],"collection":[{"href":"https:\/\/rediv.org\/noticias\/wp-json\/wp\/v2\/posts"}],"about":[{"href":"https:\/\/rediv.org\/noticias\/wp-json\/wp\/v2\/types\/post"}],"author":[{"embeddable":true,"href":"https:\/\/rediv.org\/noticias\/wp-json\/wp\/v2\/users\/1"}],"replies":[{"embeddable":true,"href":"https:\/\/rediv.org\/noticias\/wp-json\/wp\/v2\/comments?post=130"}],"version-history":[{"count":1,"href":"https:\/\/rediv.org\/noticias\/wp-json\/wp\/v2\/posts\/130\/revisions"}],"predecessor-version":[{"id":132,"href":"https:\/\/rediv.org\/noticias\/wp-json\/wp\/v2\/posts\/130\/revisions\/132"}],"wp:attachment":[{"href":"https:\/\/rediv.org\/noticias\/wp-json\/wp\/v2\/media?parent=130"}],"wp:term":[{"taxonomy":"category","embeddable":true,"href":"https:\/\/rediv.org\/noticias\/wp-json\/wp\/v2\/categories?post=130"},{"taxonomy":"post_tag","embeddable":true,"href":"https:\/\/rediv.org\/noticias\/wp-json\/wp\/v2\/tags?post=130"}],"curies":[{"name":"wp","href":"https:\/\/api.w.org\/{rel}","templated":true}]}}