{"id":139,"date":"2022-04-26T05:25:00","date_gmt":"2022-04-26T05:25:00","guid":{"rendered":"https:\/\/rediv.org\/noticias\/?p=139"},"modified":"2022-04-26T05:40:44","modified_gmt":"2022-04-26T05:40:44","slug":"conversa-enredandonos-acoes-em-rede","status":"publish","type":"post","link":"https:\/\/rediv.org\/noticias\/conversa-enredandonos-acoes-em-rede\/","title":{"rendered":"Conversa: EnRED\u00e1ndonos \u2013 A\u00e7\u00f5es em REDE"},"content":{"rendered":"<p>&nbsp;<\/p>\n<div id='gallery-1' class='gallery galleryid-139 gallery-columns-4 gallery-size-medium'><figure class='gallery-item'>\n\t\t\t<div class='gallery-icon landscape'>\n\t\t\t\t<a href='https:\/\/rediv.org\/noticias\/wp-content\/uploads\/2022\/04\/Screen-Shot-2022-04-26-at-0.21.49.png'><img loading=\"lazy\" decoding=\"async\" width=\"300\" height=\"300\" src=\"https:\/\/rediv.org\/noticias\/wp-content\/uploads\/2022\/04\/Screen-Shot-2022-04-26-at-0.21.49-300x300.png\" class=\"attachment-medium size-medium\" alt=\"\" srcset=\"https:\/\/rediv.org\/noticias\/wp-content\/uploads\/2022\/04\/Screen-Shot-2022-04-26-at-0.21.49-300x300.png 300w, https:\/\/rediv.org\/noticias\/wp-content\/uploads\/2022\/04\/Screen-Shot-2022-04-26-at-0.21.49-150x150.png 150w, https:\/\/rediv.org\/noticias\/wp-content\/uploads\/2022\/04\/Screen-Shot-2022-04-26-at-0.21.49-768x767.png 768w, https:\/\/rediv.org\/noticias\/wp-content\/uploads\/2022\/04\/Screen-Shot-2022-04-26-at-0.21.49.png 794w\" sizes=\"auto, (max-width: 300px) 100vw, 300px\" \/><\/a>\n\t\t\t<\/div><\/figure><figure class='gallery-item'>\n\t\t\t<div class='gallery-icon portrait'>\n\t\t\t\t<a href='https:\/\/rediv.org\/noticias\/wp-content\/uploads\/2022\/04\/Screen-Shot-2022-04-26-at-0.22.00.png'><img loading=\"lazy\" decoding=\"async\" width=\"300\" height=\"300\" src=\"https:\/\/rediv.org\/noticias\/wp-content\/uploads\/2022\/04\/Screen-Shot-2022-04-26-at-0.22.00-300x300.png\" class=\"attachment-medium size-medium\" alt=\"\" srcset=\"https:\/\/rediv.org\/noticias\/wp-content\/uploads\/2022\/04\/Screen-Shot-2022-04-26-at-0.22.00-300x300.png 300w, https:\/\/rediv.org\/noticias\/wp-content\/uploads\/2022\/04\/Screen-Shot-2022-04-26-at-0.22.00-150x150.png 150w, https:\/\/rediv.org\/noticias\/wp-content\/uploads\/2022\/04\/Screen-Shot-2022-04-26-at-0.22.00-768x769.png 768w, https:\/\/rediv.org\/noticias\/wp-content\/uploads\/2022\/04\/Screen-Shot-2022-04-26-at-0.22.00.png 793w\" sizes=\"auto, (max-width: 300px) 100vw, 300px\" \/><\/a>\n\t\t\t<\/div><\/figure><figure class='gallery-item'>\n\t\t\t<div class='gallery-icon landscape'>\n\t\t\t\t<a href='https:\/\/rediv.org\/noticias\/wp-content\/uploads\/2022\/04\/Screen-Shot-2022-04-26-at-0.22.11.png'><img loading=\"lazy\" decoding=\"async\" width=\"300\" height=\"300\" src=\"https:\/\/rediv.org\/noticias\/wp-content\/uploads\/2022\/04\/Screen-Shot-2022-04-26-at-0.22.11-300x300.png\" class=\"attachment-medium size-medium\" alt=\"\" srcset=\"https:\/\/rediv.org\/noticias\/wp-content\/uploads\/2022\/04\/Screen-Shot-2022-04-26-at-0.22.11-300x300.png 300w, https:\/\/rediv.org\/noticias\/wp-content\/uploads\/2022\/04\/Screen-Shot-2022-04-26-at-0.22.11-150x150.png 150w, https:\/\/rediv.org\/noticias\/wp-content\/uploads\/2022\/04\/Screen-Shot-2022-04-26-at-0.22.11-768x768.png 768w, https:\/\/rediv.org\/noticias\/wp-content\/uploads\/2022\/04\/Screen-Shot-2022-04-26-at-0.22.11.png 794w\" sizes=\"auto, (max-width: 300px) 100vw, 300px\" \/><\/a>\n\t\t\t<\/div><\/figure><figure class='gallery-item'>\n\t\t\t<div class='gallery-icon landscape'>\n\t\t\t\t<a href='https:\/\/rediv.org\/noticias\/wp-content\/uploads\/2022\/04\/Screen-Shot-2022-04-26-at-0.22.22.png'><img loading=\"lazy\" decoding=\"async\" width=\"300\" height=\"300\" src=\"https:\/\/rediv.org\/noticias\/wp-content\/uploads\/2022\/04\/Screen-Shot-2022-04-26-at-0.22.22-300x300.png\" class=\"attachment-medium size-medium\" alt=\"\" srcset=\"https:\/\/rediv.org\/noticias\/wp-content\/uploads\/2022\/04\/Screen-Shot-2022-04-26-at-0.22.22-300x300.png 300w, https:\/\/rediv.org\/noticias\/wp-content\/uploads\/2022\/04\/Screen-Shot-2022-04-26-at-0.22.22-150x150.png 150w, https:\/\/rediv.org\/noticias\/wp-content\/uploads\/2022\/04\/Screen-Shot-2022-04-26-at-0.22.22-768x767.png 768w, https:\/\/rediv.org\/noticias\/wp-content\/uploads\/2022\/04\/Screen-Shot-2022-04-26-at-0.22.22.png 792w\" sizes=\"auto, (max-width: 300px) 100vw, 300px\" \/><\/a>\n\t\t\t<\/div><\/figure>\n\t\t<\/div>\n\n<p><b>Sexta-feira\u00a0 29 de abril<\/b><\/p>\n<p><b>Conversa: EnRED\u00e1ndonos \u2013 A\u00e7\u00f5es em REDE<\/b><\/p>\n<p><b>(Performance ao vivo, not\u00edcias e obras)<\/b><\/p>\n<p><span style=\"font-weight: 400;\">Acompanhe a conversa em:\u00a0<\/span><\/p>\n<p><a href=\"http:\/\/www.youtube.com\/c\/REDIV\"><span style=\"font-weight: 400;\">www.YouTube.com\/c\/REDIV<\/span><\/a><\/p>\n<p>&nbsp;<\/p>\n<p><span style=\"font-weight: 400;\">Hor\u00e1rio:<\/span><\/p>\n<p><span style=\"font-weight: 400;\">15h Costa Rica<\/span><\/p>\n<p><span style=\"font-weight: 400;\">16h Col\u00f4mbia-Equador-M\u00e9xico \/<\/span><\/p>\n<p><span style=\"font-weight: 400;\">17h Bol\u00edvia-Cuba-Chile-Paraguai-Venezuela\/<\/span><\/p>\n<p><span style=\"font-weight: 400;\">18h Argentina-Brasil-Uruguai \/<\/span><\/p>\n<p><span style=\"font-weight: 400;\">22h Portugal \/<\/span><\/p>\n<p><span style=\"font-weight: 400;\">23h Espanha.<\/span><\/p>\n<p>&nbsp;<\/p>\n<p><span style=\"font-weight: 400;\">REDIV ir\u00e1 compartilhar uma performance ao vivo, falaremos brevemente das conquistas do trabalho coletivo e mostraremos algumas obras de esfor\u00e7os colaborativos, para celebrar a dan\u00e7a e a videodan\u00e7a.<\/span><\/p>\n<p><span style=\"font-weight: 400;\">Participantes da REDIV<\/span><span style=\"font-weight: 400;\">: Mar\u00eda Fernanda Vallejos, Soraya Vargas, Yolanda M. Guadarrama<\/span><span style=\"font-weight: 400;\">, <\/span><span style=\"font-weight: 400;\">Dixon Quitian, Sof\u00eda Orihuela.<\/span><span style=\"font-weight: 400;\">\u00a0<\/span><\/p>\n<p><span style=\"font-weight: 400;\">Demais participantes<\/span><span style=\"font-weight: 400;\">: Tuix\u00e9n Benet, Mayo Rodr\u00edguez Baeza, Paula Sacur, Carla Romero, Carola S\u00e1nchez.<\/span><\/p>\n<p>&nbsp;<\/p>\n<p><span style=\"font-weight: 400;\">Programa<\/span><\/p>\n<p><span style=\"font-weight: 400;\">&#8211; Performance ao vivo, no marco de DANZFAGIA (mostra-celebra\u00e7\u00e3o dirigida por Roc\u00edo Becerril):\u00a0<\/span><\/p>\n<p><b>Oto\u00f1o<\/b><span style=\"font-weight: 400;\"> \/ Rosario Armenta \/ 12 min \/ M\u00e9xico \/ Interpreta\u00e7\u00e3o para transmiss\u00e3o pela c\u00e2mara, por Dalia Ram\u00edrez P\u00e9rez<\/span><\/p>\n<p>&nbsp;<\/p>\n<p><b>Dalia Ram\u00edrez P\u00e9rez &#8211; M\u00e9xico<\/b><\/p>\n<p><span style=\"font-weight: 400;\">Al\u00e9m de sua dedica\u00e7\u00e3o \u00e0 dan\u00e7a, videodan\u00e7a e fotografia, faz parte do MOVIMENTO COLECTIVO que apresentou no dia 29 de outubro a performance CORPORALIDAD INN AND OFF, que trata da identidade dentro e fora da m\u00eddia eletr\u00f4nica e das redes sociais. Obteve uma Men\u00e7\u00e3o Honrosa no Movimiento en Movimiento 2018. \u00c9 colaboradora do festival Movimiento en Movimiento.<\/span><\/p>\n<p><b>Rosario Armenta &#8211; M\u00e9xico\u00a0\u00a0\u00a0\u00a0\u00a0\u00a0<\/b><\/p>\n<p><span style=\"font-weight: 400;\">Fundadora e diretora da companhia \u00abLa F\u00e1brica\u00bb \u200b\u200bdesde 1994, na qual desenvolveu uma metodologia de trabalho que \u00e9 uma mistura de disciplinas como bal\u00e9, dan\u00e7a contempor\u00e2nea, acrobacia e t\u00e9cnicas de relaxamento para permitir que o corpo que trabalha desde suas capacidades at\u00e9 suas defici\u00eancias.<\/span><\/p>\n<p><b>DANZFAGIA &#8211; M\u00e9xico:<\/b><\/p>\n<p><span style=\"font-weight: 400;\">Exposi\u00e7\u00e3o-celebra\u00e7\u00e3o do Dia Internacional da Dan\u00e7a 2022. Em formatos presenciais e virtuais, re\u00fane, em v\u00e1rios locais da Cidade do M\u00e9xico, criadores, performers, core\u00f3grafos, professores de dan\u00e7a de diferentes estilos, g\u00eaneros e propostas com coreografias, palestras, videodan\u00e7as, corpo e filosofia, oficinas, dan\u00e7a e videoinstala\u00e7\u00f5es, interven\u00e7\u00f5es coreogr\u00e1ficas e\/ou de improvisa\u00e7\u00e3o, artes, performances ao vivo e diversas express\u00f5es em torno do corpo que se alimentam de outras artes. Endere\u00e7o: Roc\u00edo Becerril Porras.<\/span><\/p>\n<p>&nbsp;<\/p>\n<p><span style=\"font-weight: 400;\">Programa:<\/span><\/p>\n<p><span style=\"font-weight: 400;\">\u00a0Not\u00edcias e relato do trabalho colaborativo REDIV<\/span><\/p>\n<p><span style=\"font-weight: 400;\">\u00a0<\/span><span style=\"font-weight: 400;\">&#8211; Fiver (Festival de Cine, Dan\u00e7a e Novos Meios), com a colabora\u00e7\u00e3o do Instituto Cervantes, compampartilhando a curaduria \u201cO olhar delas. 10 anos de cine dan\u00e7a en Espanha\u201d e apresenta\u00e7\u00e3o da \u00faltima obra de uma das diretoras destacadas em sua mostra retrospectiva: <\/span><b>Lazarus<\/b><span style=\"font-weight: 400;\"> \/ Tuix\u00e9n Benet \/ 8:34 min \/ Espanha-USA \/ 2020<\/span><\/p>\n<p><span style=\"font-weight: 400;\">\u00a0<\/span><\/p>\n<p><span style=\"font-weight: 400;\">&#8211; Tuix\u00e9n comentar\u00e1 sobre sua obra <\/span><b><i>Lazarus<\/i><\/b><span style=\"font-weight: 400;\">, pr\u00eamio nacional na \u00faltima edi\u00e7\u00e3o de Fiver realizada no Teatros do Canal de Madrid, em 2021, com o apoio do Governo de la Rioja e o Centro Coreogr\u00e1fico de La Rioja, e sobre a curadoria das 10 cria\u00e7\u00f5es apresentadas por Fiver, <\/span><i><span style=\"font-weight: 400;\">O OLHAR DELAS,<\/span><\/i><span style=\"font-weight: 400;\"> no qual participa com <\/span><i><span style=\"font-weight: 400;\">Caballo negro<\/span><\/i><span style=\"font-weight: 400;\">, finalista em 2014.<\/span><\/p>\n<p><span style=\"font-weight: 400;\">\u00a0<\/span><\/p>\n<p><span style=\"font-weight: 400;\">&#8211;\u00a0 <\/span><b>Paredes Infinitas<\/b><span style=\"font-weight: 400;\"> \/ Trabalho colaborativo REDIV \/ 8:35 min \/ Iberoam\u00e9rica \/ 2020.<\/span><span style=\"font-weight: 400;\">\u00a0<\/span><\/p>\n<p><span style=\"font-weight: 400;\">&#8211; <\/span><b><i>TINKU<\/i><\/b><span style=\"font-weight: 400;\"> \/ Coprodu\u00e7\u00e3o REDIV, Festival internacional de Videodanza VIDEOMOVIMIENTO COLOMBIA e Festival CUERPO DIGITAL BOLIVIA, Diretor Dixon Quitian, Produtora Sof\u00eda Orihuela, 2019.<\/span><\/p>\n<p><span style=\"font-weight: 400;\">&#8211; Dixon Quitian e Sof\u00eda Orihuela falar\u00e3o sobre a experi\u00eancia\u00a0<\/span><\/p>\n<p><span style=\"font-weight: 400;\">\u00a0<\/span><\/p>\n<p><span style=\"font-weight: 400;\">&#8211;<\/span><b><i>TRILOG\u00cdA \u00cdNTIMAS<\/i><\/b> <b><i>P\u00daBLICAS<\/i><\/b><span style=\"font-weight: 400;\"> &#8211; Chile<\/span><\/p>\n<p><b><i>Tiempo por Tomar<\/i><\/b><span style=\"font-weight: 400;\"> \/ Carla Romero &amp; Carola S\u00e1nchez \/ 6:10 min<\/span><\/p>\n<p><b><i>El Paisaje Interior<\/i><\/b><span style=\"font-weight: 400;\"> \/ Paula Sacur \/ 13:42 min<\/span><\/p>\n<p><b><i>EMBRACEless<\/i><\/b> <span style=\"font-weight: 400;\">\/ Mayo Rodr\u00edguez Baeza \/ 4:21 mn<\/span><\/p>\n<p><span style=\"font-weight: 400;\">Bate Papo sobre a experi\u00eancia colaborativa da cria\u00e7\u00e3o de \u00cdNTIMAS P\u00daBLICAS.<\/span><\/p>\n<p>&nbsp;<\/p>\n<p><b>Mayo Rodr\u00edguez Baeza &#8211; Chile<\/b><\/p>\n<p><span style=\"font-weight: 400;\">Artista, bailarina e engenheira ambiental. Ativista criativa e produtora com foco em dan\u00e7a, interdisciplinaridade e conex\u00e3o. Curadora de dan\u00e7a, cinema e cine dan\u00e7a. Diretora Art\u00edstica do Festival de Cine Dan\u00e7a Bestias Danzantes. Como bailarina &#8211; performer, tem participado de diversos trabalhos de renomados core\u00f3grafos chilenos, incluindo pe\u00e7as de grande formato apresentadas em festivais relevantes. Atualmente faz parte do projeto colaborativo de pesquisa e cria\u00e7\u00e3o chileno-alem\u00e3o niss-rodriguez junto com Ann-Leonie Niss, criando as experi\u00eancias In_Connection e Embrac_olation. Como curadora, desenvolveu e colaborou em mais de 25 programas especiais de dan\u00e7a e Cinema de Dan\u00e7a para v\u00e1rios espa\u00e7os convencionais e n\u00e3o convencionais a n\u00edvel internaciona. @mayo.rod\u00a0<\/span><\/p>\n<p>&nbsp;<\/p>\n<p><b>Paula Sacur &#8211; Chile<\/b><\/p>\n<p><span style=\"font-weight: 400;\">Pesquisadora som\u00e1tico-c\u00eanica, int\u00e9rprete e professora de dan\u00e7a contempor\u00e2nea. Certificada no Somatic Movement Equador (SEM) em Body-Mind Centering\u2122<\/span><span style=\"font-weight: 400;\">, <\/span><span style=\"font-weight: 400;\">Brasil. Mestre em Dan\u00e7a, Corpo e Cogni\u00e7\u00e3o, Universidade Federal da Bahia, Brasil. Artista de dan\u00e7a no Chile e na Europa. Em 2003 ganhou o pr\u00eamio Altazor de Artes Nacionais, Chile, Melhor Bailarina por \u00abPichanga\u00bb. Cria\u00e7\u00f5es c\u00e9nicas de autoria; \u201cCostamarfil\u201d, \u201cLiving Paradiso\u201d, \u201cPaisajes\u201d e \u201cOrgiologia\u201d Obra transesc\u00e9nica, co-realizada com Ernesto Orellana. A videodan\u00e7a \u201cThe Interior Landscape\u201d, Ciclos Vitales II Nave, ganha o Pr\u00eamio Chilen Arts Critics Circle de melhor produ\u00e7\u00e3o para tela 2021. @pausacur<\/span><\/p>\n<p>&nbsp;<\/p>\n<p><b>Carla Romero &#8211; Chile<\/b><\/p>\n<p><span style=\"font-weight: 400;\">Estudou atua\u00e7\u00e3o na Universidade Cat\u00f3lica do Chile, onde abordou dan\u00e7a e escrita. Trabalhou com v\u00e1rias companhias de teatro e dan\u00e7a, interessando-se por encruzilhadas interdisciplinares, o que lhe permitiu experimentar v\u00e1rios formatos como instala\u00e7\u00e3o e opera. Em 2016 viajou para o M\u00e9xico e l\u00e1 residiu por 4 anos. Neste pa\u00eds forma a Companhia MalaMadre onde escreve e dirige. Em suas obras, ela busca valorizar e tornar vis\u00edvel o papel pol\u00edtico da mulher na Am\u00e9rica Latina, colocando-a em di\u00e1logo com quest\u00f5es \u00edntimas como a maternidade, o amor rom\u00e2ntico,\u00a0 a solid\u00e3o. Em seus textos h\u00e1 uma fic\u00e7\u00e3o aprisionada pela realidade. @rabioso1980<\/span><\/p>\n<p>&nbsp;<\/p>\n<p><b>Carola S\u00e1nchez &#8211; Chile<\/b><\/p>\n<p><span style=\"font-weight: 400;\">Trabalhou como Diretora de Arte e Cria\u00e7\u00e3o em diferentes ag\u00eancias no Chile, Barcelona e Costa Rica, desenvolve de forma independente campanhas institucionais para organiza\u00e7\u00f5es de Direitos Humanos, Festivais de Teatro, Dan\u00e7a e Cinema. Obteve 2 Le\u00f5es no Festival de Cannes, Grand Prix New York, Grand Prix FIAP, Argentina e Grand Prix ACHAP Chile. Suas origens na \u00e1rea audiovisual foram pe\u00e7as de videoarte e videodan\u00e7a exibidas\u00a0 Chile, Europa, \u00c1sia Am\u00e9rica Latina. Atualmente reside no M\u00e9xico por projetos que dirige tanto na LATAM quanto nos EUA.\u00a0<\/span><\/p>\n<p>&nbsp;<\/p>\n<p><b>Tuix\u00e9n Benet \u2013 Espanha<\/b><\/p>\n<p><span style=\"font-weight: 400;\">Cineasta e core\u00f3grafa. Premiada por seu excepcional come\u00e7o no cinema de dan\u00e7a com <\/span><i><span style=\"font-weight: 400;\">Coreosc\u00f3pio<\/span><\/i><span style=\"font-weight: 400;\">, 2020. Criou coreografias para longas-metragens, campanhas publicit\u00e1rias, videodan\u00e7a e videoclipes, colaborando com artistas como Tame Impala, Polo &amp; Pan, El Guincho e Juanes. \u00c9 cofundadora da companhia de dan\u00e7a Les filles F\u00f6llen, vencedora de Melhor Novo Talento em 2011, Catalunha. Seus trabalhos j\u00e1 estiveram em festivais na Europa e na Am\u00e9rica. Graduou-se em Coreografia no Institut del Teatre de Barcelona. Possui mestrado em Dire\u00e7\u00e3o de Cinema pelo Instituto de Artes da Calif\u00f3rnia.<\/span><\/p>\n","protected":false},"excerpt":{"rendered":"<p>&nbsp; Sexta-feira\u00a0 29 de abril Conversa: EnRED\u00e1ndonos \u2013 A\u00e7\u00f5es em REDE (Performance ao vivo, not\u00edcias e obras) Acompanhe a conversa em:\u00a0 www.YouTube.com\/c\/REDIV &nbsp; Hor\u00e1rio: 15h Costa Rica 16h Col\u00f4mbia-Equador-M\u00e9xico \/ 17h Bol\u00edvia-Cuba-Chile-Paraguai-Venezuela\/ 18h Argentina-Brasil-Uruguai \/ 22h Portugal \/ 23h Espanha. &nbsp; REDIV ir\u00e1 compartilhar uma performance ao vivo, falaremos brevemente das conquistas do trabalho coletivo [&hellip;]<\/p>\n","protected":false},"author":1,"featured_media":0,"comment_status":"open","ping_status":"open","sticky":false,"template":"","format":"standard","meta":{"footnotes":""},"categories":[18],"tags":[],"class_list":["post-139","post","type-post","status-publish","format-standard","hentry","category-eventos-pt"],"_links":{"self":[{"href":"https:\/\/rediv.org\/noticias\/wp-json\/wp\/v2\/posts\/139","targetHints":{"allow":["GET"]}}],"collection":[{"href":"https:\/\/rediv.org\/noticias\/wp-json\/wp\/v2\/posts"}],"about":[{"href":"https:\/\/rediv.org\/noticias\/wp-json\/wp\/v2\/types\/post"}],"author":[{"embeddable":true,"href":"https:\/\/rediv.org\/noticias\/wp-json\/wp\/v2\/users\/1"}],"replies":[{"embeddable":true,"href":"https:\/\/rediv.org\/noticias\/wp-json\/wp\/v2\/comments?post=139"}],"version-history":[{"count":1,"href":"https:\/\/rediv.org\/noticias\/wp-json\/wp\/v2\/posts\/139\/revisions"}],"predecessor-version":[{"id":141,"href":"https:\/\/rediv.org\/noticias\/wp-json\/wp\/v2\/posts\/139\/revisions\/141"}],"wp:attachment":[{"href":"https:\/\/rediv.org\/noticias\/wp-json\/wp\/v2\/media?parent=139"}],"wp:term":[{"taxonomy":"category","embeddable":true,"href":"https:\/\/rediv.org\/noticias\/wp-json\/wp\/v2\/categories?post=139"},{"taxonomy":"post_tag","embeddable":true,"href":"https:\/\/rediv.org\/noticias\/wp-json\/wp\/v2\/tags?post=139"}],"curies":[{"name":"wp","href":"https:\/\/api.w.org\/{rel}","templated":true}]}}