{"id":154,"date":"2025-07-23T04:49:24","date_gmt":"2025-07-23T04:49:24","guid":{"rendered":"https:\/\/rediv.org\/noticias\/?p=154"},"modified":"2025-07-23T04:52:09","modified_gmt":"2025-07-23T04:52:09","slug":"1er-congreso-internacional-de-videodanza-rediv-2025","status":"publish","type":"post","link":"https:\/\/rediv.org\/noticias\/1er-congreso-internacional-de-videodanza-rediv-2025\/","title":{"rendered":"1er Congreso Internacional de Videodanza &#8211; REDIV 2025"},"content":{"rendered":"<h2><span style=\"font-weight: 400;\">\u200b\u200b\u200bCuerpos Geopol\u00edticos en Territorios Digitales: Videodanzas en el siglo XXI<\/span><\/h2>\n<p><span style=\"font-weight: 400;\">El Primer Congreso Internacional REDIV 2025 \u201cCuerpos Geopol\u00edticos en Territorios Digitales: Videodanzas en el siglo XXI\u201d, se llevar\u00e1 a cabo del 29 de octubre al 2 de noviembre de 2025 en Bogot\u00e1, Colombia.<\/span><\/p>\n<p><span style=\"font-weight: 400;\">Organizado por la Red Iberoamericana de Videodanza (REDIV) y la productora y festival Histeria Cinemadanza, este evento busca ser un espacio de encuentro y reflexi\u00f3n sobre la intersecci\u00f3n entre la danza, el video y las nuevas tecnolog\u00edas, con el objetivo de fortalecer la creaci\u00f3n, la formaci\u00f3n y la difusi\u00f3n de la videodanza en Iberoam\u00e9rica.<\/span><\/p>\n<p><span style=\"font-weight: 400;\">P\u00e1gina oficial del Congreso REDIV 2025: <\/span><a href=\"https:\/\/redivcongreso.wixsite.com\/congreso-rediv-1\"><span style=\"font-weight: 400;\">https:\/\/redivcongreso.wixsite.com\/congreso-rediv-1<\/span><\/a><\/p>\n<p><b>OBJETIVOS<\/b><\/p>\n<p><span style=\"font-weight: 400;\">Promover la discusi\u00f3n y el intercambio de conocimientos sobre videodanza, abordando temas cruciales como la curadur\u00eda, la \u00e9tica, la formaci\u00f3n y los nuevos retos tecnol\u00f3gicos en la creaci\u00f3n art\u00edstica.<\/span><\/p>\n<p><span style=\"font-weight: 400;\">Facilitar el intercambio de experiencias entre artistas, gestores y acad\u00e9micos sobre pr\u00e1cticas y enfoques innovadores en videodanza.<\/span><\/p>\n<p><span style=\"font-weight: 400;\">Promover la reflexi\u00f3n \u00e9tica en la creaci\u00f3n y difusi\u00f3n de obras de videodanza en un entorno tecnol\u00f3gico.<\/span><\/p>\n<p><span style=\"font-weight: 400;\">Explorar nuevas metodolog\u00edas de formaci\u00f3n en videodanza, adaptadas a los cambios y demandas del contexto contempor\u00e1neo.<\/span><\/p>\n<p><span style=\"font-weight: 400;\">Fomentar la colaboraci\u00f3n entre universidades y entidades culturales en Iberoam\u00e9rica para fortalecer la producci\u00f3n y difusi\u00f3n de la videodanza.<\/span><\/p>\n<p><span style=\"font-weight: 400;\">Crear un espacio de visibilidad para obras de videodanza emergentes y consolidar redes de trabajo entre profesionales del sector.<\/span><\/p>\n<p>&nbsp;<\/p>\n<p><b>EJES TEM\u00c1TICOS\u200b<\/b><b><\/b><\/p>\n<ul>\n<li aria-level=\"1\"><b>Curadur\u00eda y archivos en Videodanza:<\/b><\/li>\n<\/ul>\n<p><span style=\"font-weight: 400;\">An\u00e1lisis de los enfoques curatoriales en la selecci\u00f3n y presentaci\u00f3n de obras.<\/span><\/p>\n<ul>\n<li aria-level=\"1\"><b>Tecnolog\u00eda, \u00e9tica y creatividad:<\/b><\/li>\n<\/ul>\n<p><span style=\"font-weight: 400;\">Impacto de las nuevas tecnolog\u00edas en la creaci\u00f3n, distribuci\u00f3n y consumo de videodanza.<\/span><b><\/b><\/p>\n<ul>\n<li aria-level=\"1\"><b>Formaci\u00f3n y nuevos retos:<\/b><\/li>\n<\/ul>\n<p><span style=\"font-weight: 400;\">Metodolog\u00edas innovadoras en la ense\u00f1anza de la videodanza y la adaptaci\u00f3n a las nuevas tecnolog\u00edas.<\/span><\/p>\n<ul>\n<li aria-level=\"1\"><b>Cuerpos y territorios pol\u00edticos:<\/b><\/li>\n<\/ul>\n<p><span style=\"font-weight: 400;\">Exploraci\u00f3n de c\u00f3mo la videodanza puede abordar y reflejar problem\u00e1ticas sociales y pol\u00edticas contempor\u00e1neas.<\/span><\/p>\n<ul>\n<li aria-level=\"1\"><b>Est\u00e9ticas en Videodanza:<\/b><\/li>\n<\/ul>\n<p><span style=\"font-weight: 400;\">Elementos espaciales, temporales y tecnol\u00f3gicos, para generar nuevas est\u00e9ticas y discursos visuales.<\/span><\/p>\n<p><span style=\"font-weight: 400;\">\u200b<\/span><\/p>\n<p><b>MODALIDAD<\/b><\/p>\n<p><span style=\"font-weight: 400;\">El congreso se llevar\u00e1 a cabo en una modalidad h\u00edbrida, combinando sesiones presenciales y virtuales sincr\u00f3nicas, lo que permitir\u00e1 la participaci\u00f3n de un p\u00fablico m\u00e1s amplio y diverso.\u200b<\/span><\/p>\n<p><span style=\"font-weight: 400;\">\u200b\u200b<\/span><\/p>\n<p><b>\u200bLA ORGANIZACI\u00d3N\u00a0<\/b><\/p>\n<p><span style=\"font-weight: 400;\">Desde Histeria CinemaDanza en coproducci\u00f3n con la Red Iberoamericana de Videodanza (REDIV)\u00a0 y la Facultad de Artes ASAB de la Universidad Distrital Francisco Jos\u00e9 de Caldas, se han realizado dos jornadas de videodanza en 2024, incluyendo conversatorios y muestras, siendo este ya un buen referente de trabajo conjunto de manera h\u00edbrida.\u00a0<\/span><\/p>\n<p><span style=\"font-weight: 400;\">Del mismo modo, se reconoce una labor ardua y constante desde 2004, junto al Festival Videomovimiento, impulsando en diversas ocasiones laboratorios y espacios de aprendizaje en este fascinante campo, en diferentes ciudades de Colombia, promoviendo la creaci\u00f3n y gesti\u00f3n del formato. En 2018 se llev\u00f3 a cabo el Encuentro REDIV, en Bogot\u00e1, con la participaci\u00f3n de varios gestores de la videodanza en Colombia y de miembros de la Red Iberoamericana de Videodanza. Ciudades como Bogot\u00e1, Medell\u00edn, Cali, Barranquilla y Santa Marta, han sido part\u00edcipes en la creaci\u00f3n y gesti\u00f3n de videodanza, adem\u00e1s, ciudades como Popay\u00e1n, Manizales, Ibagu\u00e9, Leticia, promoviendo la realizaci\u00f3n de trabajos de artistas colombianos en otros pa\u00edses.<\/span><\/p>\n<p><span style=\"font-weight: 400;\">\u200bEn este contexto, como gestores, nos interesa continuar con la promoci\u00f3n de la Videodanza en lugares remotos y de poco acceso a estos formatos. Buscamos fomentar la creaci\u00f3n, difusi\u00f3n y gesti\u00f3n de estas obras, asegurando la participaci\u00f3n de estas comunidades en este primer congreso, con muestras, conversatorios y otros.\u200b<\/span><\/p>\n<p><span style=\"font-weight: 400;\">Con el apoyo institucional, esperamos lograr un reconocimiento para los realizadores y las producciones que emergen de estos lugares de Colombia, destacando su valiosa contribuci\u00f3n a la Videodanza.\u00a0<\/span><\/p>\n<p><span style=\"font-weight: 400;\">Este congreso no solo ser\u00e1 un espacio de visibilidad, sino tambi\u00e9n una oportunidad para fortalecer redes de colaboraci\u00f3n y fomentar el intercambio cultural entre diversas regiones e invitades internacionales.<\/span><\/p>\n<p><span style=\"font-weight: 400;\">\u00a0<\/span><\/p>\n<p><b>Comit\u00e9 Acad\u00e9mico REDIV 2025:<\/b><\/p>\n<p><span style=\"font-weight: 400;\">Alejandra Ceriani (C\u00e1tedra Libre de Educaci\u00f3n y Mediaci\u00f3n Digital en Danza Performance, Universidad Nacional de La Plata\/ Argentina).<\/span><\/p>\n<p><span style=\"font-weight: 400;\">Beatriz Cerbino (Universidade Federal Fluminense &#8211; Brasil)<\/span><\/p>\n<p><span style=\"font-weight: 400;\">Claudia Margarita S\u00e1nchez (Universidad de Buenos Aires Argentina).<\/span><\/p>\n<p><span style=\"font-weight: 400;\">Daniela Guimar\u00e3es (Ppgdan\u00e7a\/Prodan\/ Grupo de Pesquisa Corpolumen: estudos de corpo, imagem e cria\u00e7\u00e3o em dan\u00e7a. Universidade Federal da Bahia Brasil).<\/span><\/p>\n<p><span style=\"font-weight: 400;\">Diego Carrera (Mgter. An\u00e1lisis y Cr\u00edtica del Producto Audiovisual, Universidad de la Rep\u00fablica &#8211; Uruguay)<\/span><\/p>\n<p><span style=\"font-weight: 400;\">Ladys Gonzalez (\u00c1rea danza\/Instituto de Artes del Espect\u00e1culo\/ Universidad de Buenos Aires- Proyecto Corporalidad Expandida &#8211; Argentina).<\/span><\/p>\n<p><span style=\"font-weight: 400;\">Leonel Brum (Doutor em Artes Visuais (UFRJ) &#8211; Universidade Federal do Rio de Janeiro &#8211; Diretor do Festival dan\u00e7a em foco &#8211; Brasil)<\/span><\/p>\n<p><span style=\"font-weight: 400;\">Mar\u00eda Fernanda Vallejos (Instituto Superior Provincial de Danzas \u201cIsabel Taboga\u201d &#8211; Universidad Nacional de Rosario UNR &#8211; Argentina).<\/span><\/p>\n<p><span style=\"font-weight: 400;\">Ros\u00e2ngela Fachel (PPGArtes, Universidade Federal de Pelotas &#8211; Brasil)<\/span><\/p>\n<p><span style=\"font-weight: 400;\">Sarah Ferreira (Universidade Federal Fluminense &#8211; Brasil)<\/span><\/p>\n<p><span style=\"font-weight: 400;\">Silvina Szperling (Instituto de Investigaciones y Experimentaci\u00f3n en Artes y Cr\u00edticas IIEAC \/ Universidad Nacional de las\u00a0 Artes UNA\/ Argentina)<\/span><\/p>\n<p><span style=\"font-weight: 400;\">Soraya Vargas (Festival\u00a0 y Productora Histeria CinemaDanza \/ Universidad Distrital Francisco Jos\u00e9 de Caldas &#8211; Colombia)<\/span><\/p>\n<p><span style=\"font-weight: 400;\">Mariana Jaroslavsky (Prof. Titular C\u00e1tedra Taller de Videodanza &#8211; Facultad de Artes,\u00a0 Dise\u00f1o y Ciencias de la Cultura-Universidad Nacional del Nordeste -Argentina)<\/span><\/p>\n<p>&nbsp;<\/p>\n<p><b>Comit\u00e9 Organizador REDIV<\/b><\/p>\n<p><span style=\"font-weight: 400;\">Mar\u00eda Fernanda Vallejos &#8211; Argentina<\/span><\/p>\n<p><span style=\"font-weight: 400;\">Ladys Gonz\u00e1lez &#8211; Argentina<\/span><\/p>\n<p><span style=\"font-weight: 400;\">Sofia Orihuela Yucra &#8211; Bolivia\u00a0<\/span><\/p>\n<p><span style=\"font-weight: 400;\">Bernardette Rodr\u00edguez &#8211; Venezuela<\/span><\/p>\n<p>&nbsp;<\/p>\n<p><b>Comit\u00e9 Organizador en Colombia<\/b><\/p>\n<p><span style=\"font-weight: 400;\">Carolina Posada Restrepo\u00a0<\/span><\/p>\n<p><span style=\"font-weight: 400;\">Soraya Vargas<\/span><\/p>\n<p><span style=\"font-weight: 400;\">Sonia Abaunza Galvis\u00a0<\/span><\/p>\n<p><span style=\"font-weight: 400;\">Yeni Salda\u00f1a<\/span><\/p>\n<p>&nbsp;<\/p>\n<p><span style=\"font-weight: 400;\">\u200b\u200b\u200b\u200b<\/span><b>APOYA:\u00a0<\/b><\/p>\n<p><span style=\"font-weight: 400;\">Ministerio de Las Culturas, Las Artes y Los Saberes de Colombia.<\/span><\/p>\n<p><span style=\"font-weight: 400;\">Secretar\u00eda de Cultura, Recreaci\u00f3n y Deporte &#8211; Bogot\u00e1, Cinemateca Distrital.<\/span><\/p>\n<p>&nbsp;<\/p>\n<p><b>SEDES:\u00a0<\/b><b>\u00a0<\/b><\/p>\n<p><span style=\"font-weight: 400;\">Universidad Javeriana.<\/span><\/p>\n<p><span style=\"font-weight: 400;\">Universidad Jorge Tadeo Lozano.<\/span><\/p>\n<p><span style=\"font-weight: 400;\">Universidad Distrital Francisco Jos\u00e9 de Caldas.<\/span><\/p>\n<p>&nbsp;<\/p>\n<p><b>ENTIDADES COLABORADORAS:\u00a0<\/b><\/p>\n<p><span style=\"font-weight: 400;\">Fundaci\u00f3n Arka.<\/span><\/p>\n<p><span style=\"font-weight: 400;\">Red Cuerpo Danza Movimiento.<\/span><\/p>\n<p><span style=\"font-weight: 400;\">Fundaci\u00f3n Integrando Fronteras.\u00a0<\/span><\/p>\n<p><span style=\"font-weight: 400;\">Universidad Distrital Francisco Jos\u00e9 de Caldas.<\/span><\/p>\n<p><span style=\"font-weight: 400;\">Facultad de Artes, Dise\u00f1o y Ciencias de la Cultura-Universidad Nacional del Nordeste.<\/span><\/p>\n<p><span style=\"font-weight: 400;\">C\u00e1tedra Libre Universidad Nacional de la Plata (UNLP).<\/span><\/p>\n","protected":false},"excerpt":{"rendered":"<p>\u200b\u200b\u200bCuerpos Geopol\u00edticos en Territorios Digitales: Videodanzas en el siglo XXI El Primer Congreso Internacional REDIV 2025 \u201cCuerpos Geopol\u00edticos en Territorios Digitales: Videodanzas en el siglo XXI\u201d, se llevar\u00e1 a cabo del 29 de octubre al 2 de noviembre de 2025 en Bogot\u00e1, Colombia. Organizado por la Red Iberoamericana de Videodanza (REDIV) y la productora y [&hellip;]<\/p>\n","protected":false},"author":1,"featured_media":0,"comment_status":"open","ping_status":"open","sticky":false,"template":"","format":"standard","meta":{"footnotes":""},"categories":[18],"tags":[],"class_list":["post-154","post","type-post","status-publish","format-standard","hentry","category-eventos-pt"],"_links":{"self":[{"href":"https:\/\/rediv.org\/noticias\/wp-json\/wp\/v2\/posts\/154","targetHints":{"allow":["GET"]}}],"collection":[{"href":"https:\/\/rediv.org\/noticias\/wp-json\/wp\/v2\/posts"}],"about":[{"href":"https:\/\/rediv.org\/noticias\/wp-json\/wp\/v2\/types\/post"}],"author":[{"embeddable":true,"href":"https:\/\/rediv.org\/noticias\/wp-json\/wp\/v2\/users\/1"}],"replies":[{"embeddable":true,"href":"https:\/\/rediv.org\/noticias\/wp-json\/wp\/v2\/comments?post=154"}],"version-history":[{"count":1,"href":"https:\/\/rediv.org\/noticias\/wp-json\/wp\/v2\/posts\/154\/revisions"}],"predecessor-version":[{"id":155,"href":"https:\/\/rediv.org\/noticias\/wp-json\/wp\/v2\/posts\/154\/revisions\/155"}],"wp:attachment":[{"href":"https:\/\/rediv.org\/noticias\/wp-json\/wp\/v2\/media?parent=154"}],"wp:term":[{"taxonomy":"category","embeddable":true,"href":"https:\/\/rediv.org\/noticias\/wp-json\/wp\/v2\/categories?post=154"},{"taxonomy":"post_tag","embeddable":true,"href":"https:\/\/rediv.org\/noticias\/wp-json\/wp\/v2\/tags?post=154"}],"curies":[{"name":"wp","href":"https:\/\/api.w.org\/{rel}","templated":true}]}}