{"id":45,"date":"2022-04-26T04:04:58","date_gmt":"2022-04-26T04:04:58","guid":{"rendered":"https:\/\/rediv.org\/noticias\/?p=45"},"modified":"2022-04-26T04:33:27","modified_gmt":"2022-04-26T04:33:27","slug":"muestras-en-danza-con-rediv-2022","status":"publish","type":"post","link":"https:\/\/rediv.org\/noticias\/muestras-en-danza-con-rediv-2022\/","title":{"rendered":"Muestras en Danza con REDIV 2022"},"content":{"rendered":"<p style=\"text-align: right;\"><a href=\"https:\/\/rediv.org\/noticias\/pt\/mostras-em-danca-com-rediv-2022\/\">Ver em portugu\u00eas<\/a>.<\/p>\n<p><span style=\"font-weight: 400;\">Durante los cinco d\u00edas que se presenta Danza con REDIV 2022, ofrecemos una amplia muestra de videodanzas que estar\u00e1n abiertas en l\u00ednea y de manera gratuita en nuestro canal de YouTube: <\/span><a href=\"https:\/\/www.youtube.com\/c\/REDIV\"><span style=\"font-weight: 400;\">https:\/\/www.youtube.com\/c\/REDIV<\/span><\/a><span style=\"font-weight: 400;\">. Cada muestra se estrenar\u00e1 el d\u00eda lunes 25 de abril en diferentes horarios y finalizar\u00e1 el viernes 29 de abril en el cierre de la Semana de la Danza REDIV.<\/span><\/p>\n<p><span style=\"font-weight: 400;\">Adicionalmente, la muestra <\/span><i><span style=\"font-weight: 400;\">Fiver: La mirada de ellas. 10 a\u00f1os de cine danza en Espa\u00f1a<\/span><\/i><span style=\"font-weight: 400;\">, tambi\u00e9n es parte de nuestra programaci\u00f3n y estar\u00e1 abierta durante tres d\u00edas a partir del viernes 29 de abril y hasta el 01 de mayo.<\/span><\/p>\n<p><span style=\"font-weight: 400;\">A continuaci\u00f3n las muestras que forman parte de Danza con Rediv 2022.<\/span><\/p>\n<h3><b>ESTRENO DE MUESTRAS:<\/b><\/h3>\n<p><span style=\"font-weight: 400;\">V\u00eda: <\/span><a href=\"http:\/\/www.youtube.com\/c\/REDIV\"><span style=\"font-weight: 400;\">www.YouTube.com\/c\/REDIV\u00a0<\/span><\/a><\/p>\n<p><span style=\"font-weight: 400;\">Todas abiertas durante cinco di\u0301as en nuestro canal, del 25 al 29 de abril.<\/span><\/p>\n<hr \/>\n<h3><b>1- MUESTRA PREMIOS REDIV 2021<\/b><\/h3>\n<p><span style=\"font-weight: 400;\">Horario de estreno:\u00a0<\/span><\/p>\n<p><span style=\"font-weight: 400;\">10h Costa Rica \/\u00a0<\/span><\/p>\n<p><span style=\"font-weight: 400;\">11h Colombia-Ecuador-M\u00e9xico \/\u00a0<\/span><\/p>\n<p><span style=\"font-weight: 400;\">12h Bolivia-Cuba-Chile-Paraguay-Venezuela\/\u00a0<\/span><\/p>\n<p><span style=\"font-weight: 400;\">13h Argentina-Brasil-Uruguay \/\u00a0<\/span><\/p>\n<p><span style=\"font-weight: 400;\">17h Portugal \/\u00a0<\/span><\/p>\n<p><span style=\"font-weight: 400;\">18h Espa\u00f1a.<\/span><\/p>\n<div id='gallery-1' class='gallery galleryid-45 gallery-columns-3 gallery-size-medium'><figure class='gallery-item'>\n\t\t\t<div class='gallery-icon landscape'>\n\t\t\t\t<a href='https:\/\/rediv.org\/noticias\/wp-content\/uploads\/2022\/04\/Screen-Shot-2022-04-25-at-23.03.22.png'><img loading=\"lazy\" decoding=\"async\" width=\"300\" height=\"300\" src=\"https:\/\/rediv.org\/noticias\/wp-content\/uploads\/2022\/04\/Screen-Shot-2022-04-25-at-23.03.22-300x300.png\" class=\"attachment-medium size-medium\" alt=\"\" srcset=\"https:\/\/rediv.org\/noticias\/wp-content\/uploads\/2022\/04\/Screen-Shot-2022-04-25-at-23.03.22-300x300.png 300w, https:\/\/rediv.org\/noticias\/wp-content\/uploads\/2022\/04\/Screen-Shot-2022-04-25-at-23.03.22-150x150.png 150w, https:\/\/rediv.org\/noticias\/wp-content\/uploads\/2022\/04\/Screen-Shot-2022-04-25-at-23.03.22-768x766.png 768w, https:\/\/rediv.org\/noticias\/wp-content\/uploads\/2022\/04\/Screen-Shot-2022-04-25-at-23.03.22.png 869w\" sizes=\"auto, (max-width: 300px) 100vw, 300px\" \/><\/a>\n\t\t\t<\/div><\/figure><figure class='gallery-item'>\n\t\t\t<div class='gallery-icon portrait'>\n\t\t\t\t<a href='https:\/\/rediv.org\/noticias\/wp-content\/uploads\/2022\/04\/Screen-Shot-2022-04-25-at-23.03.36.png'><img loading=\"lazy\" decoding=\"async\" width=\"300\" height=\"300\" src=\"https:\/\/rediv.org\/noticias\/wp-content\/uploads\/2022\/04\/Screen-Shot-2022-04-25-at-23.03.36-300x300.png\" class=\"attachment-medium size-medium\" alt=\"\" srcset=\"https:\/\/rediv.org\/noticias\/wp-content\/uploads\/2022\/04\/Screen-Shot-2022-04-25-at-23.03.36-300x300.png 300w, https:\/\/rediv.org\/noticias\/wp-content\/uploads\/2022\/04\/Screen-Shot-2022-04-25-at-23.03.36-150x150.png 150w, https:\/\/rediv.org\/noticias\/wp-content\/uploads\/2022\/04\/Screen-Shot-2022-04-25-at-23.03.36-768x769.png 768w, https:\/\/rediv.org\/noticias\/wp-content\/uploads\/2022\/04\/Screen-Shot-2022-04-25-at-23.03.36.png 867w\" sizes=\"auto, (max-width: 300px) 100vw, 300px\" \/><\/a>\n\t\t\t<\/div><\/figure><figure class='gallery-item'>\n\t\t\t<div class='gallery-icon landscape'>\n\t\t\t\t<a href='https:\/\/rediv.org\/noticias\/wp-content\/uploads\/2022\/04\/Programa-MUESTRA-1.jpg'><img loading=\"lazy\" decoding=\"async\" width=\"300\" height=\"300\" src=\"https:\/\/rediv.org\/noticias\/wp-content\/uploads\/2022\/04\/Programa-MUESTRA-1-300x300.jpg\" class=\"attachment-medium size-medium\" alt=\"\" srcset=\"https:\/\/rediv.org\/noticias\/wp-content\/uploads\/2022\/04\/Programa-MUESTRA-1-300x300.jpg 300w, https:\/\/rediv.org\/noticias\/wp-content\/uploads\/2022\/04\/Programa-MUESTRA-1-1024x1024.jpg 1024w, https:\/\/rediv.org\/noticias\/wp-content\/uploads\/2022\/04\/Programa-MUESTRA-1-150x150.jpg 150w, https:\/\/rediv.org\/noticias\/wp-content\/uploads\/2022\/04\/Programa-MUESTRA-1-768x768.jpg 768w, https:\/\/rediv.org\/noticias\/wp-content\/uploads\/2022\/04\/Programa-MUESTRA-1.jpg 1102w\" sizes=\"auto, (max-width: 300px) 100vw, 300px\" \/><\/a>\n\t\t\t<\/div><\/figure>\n\t\t<\/div>\n\n<p><strong>OBRAS:<\/strong><\/p>\n<p><b>-Interludio<\/b><span style=\"font-weight: 400;\"> \/ <\/span><span style=\"font-weight: 400;\">Clara Silveira<\/span><span style=\"font-weight: 400;\"> \/ 1:48 min \/ Argentina \/ 2020 \/ <\/span><b>MENCI\u00d3N REDIV C\u00c1MARA CORPORIZADA 2021.<\/b><\/p>\n<p><b>-Insurrei\u00e7\u00e3o<\/b><span style=\"font-weight: 400;\"> \/ <\/span><span style=\"font-weight: 400;\">Rita de C\u00e1cia Oenning da Silva y Okado do Canal<\/span><span style=\"font-weight: 400;\"> \/ 4:39 min \/ Brasil \/ 2021 \/ <\/span><b>PREMIO REDIV C\u00c1MARA CORPORIZADA 2021.<\/b><span style=\"font-weight: 400;\">\u00a0<\/span><\/p>\n<p><b>-En Silencio<\/b><span style=\"font-weight: 400;\"> \/ Dixon Quitian y Soraya Vargas \/ 8 min \/ Colombia \/ <\/span><b>MENCI\u00d3N REDIV EN VIDEODANZABA 2021.<\/b><\/p>\n<p><b>-Trilog\u00eda Pand\u00e9mica: Mutar, Tecnopiel, Coda-Trash<\/b><span style=\"font-weight: 400;\"> \/ Mariana Bellotto, Juan Diego Camacho y Celina Duprat (Grupo GPS) \/ 18:25 min \/ Argentina \/ 2020-2021 \/ <\/span><b>PREMIO REDIV EN VIDEODANZABA 2021.<\/b><\/p>\n<hr \/>\n<h3><b>2- MUESTRA UNIVERSITARIA DE VIDEODANZA REDIV 2022<\/b><\/h3>\n<p><b>Programa 1<\/b><\/p>\n<p><span style=\"font-weight: 400;\">Horario de estreno:<\/span><\/p>\n<p><span style=\"font-weight: 400;\">11h Costa Rica \/\u00a0<\/span><\/p>\n<p><span style=\"font-weight: 400;\">12h Colombia-Ecuador-M\u00e9xico \/\u00a0<\/span><\/p>\n<p><span style=\"font-weight: 400;\">13h Bolivia-Cuba-Chile-Paraguay-Venezuela\/ 14h Argentina-Brasil-Uruguay \/\u00a0<\/span><\/p>\n<p><span style=\"font-weight: 400;\">18h Portugal \/\u00a0<\/span><\/p>\n<p><span style=\"font-weight: 400;\">19h Espa\u00f1a.<\/span><\/p>\n<div id='gallery-2' class='gallery galleryid-45 gallery-columns-3 gallery-size-thumbnail'><figure class='gallery-item'>\n\t\t\t<div class='gallery-icon landscape'>\n\t\t\t\t<a href='https:\/\/rediv.org\/noticias\/muestras-en-danza-con-rediv-2022\/screen-shot-2022-04-25-at-23-09-13\/'><img loading=\"lazy\" decoding=\"async\" width=\"150\" height=\"150\" src=\"https:\/\/rediv.org\/noticias\/wp-content\/uploads\/2022\/04\/Screen-Shot-2022-04-25-at-23.09.13-150x150.png\" class=\"attachment-thumbnail size-thumbnail\" alt=\"\" srcset=\"https:\/\/rediv.org\/noticias\/wp-content\/uploads\/2022\/04\/Screen-Shot-2022-04-25-at-23.09.13-150x150.png 150w, https:\/\/rediv.org\/noticias\/wp-content\/uploads\/2022\/04\/Screen-Shot-2022-04-25-at-23.09.13-300x300.png 300w, https:\/\/rediv.org\/noticias\/wp-content\/uploads\/2022\/04\/Screen-Shot-2022-04-25-at-23.09.13-768x766.png 768w, https:\/\/rediv.org\/noticias\/wp-content\/uploads\/2022\/04\/Screen-Shot-2022-04-25-at-23.09.13.png 792w\" sizes=\"auto, (max-width: 150px) 100vw, 150px\" \/><\/a>\n\t\t\t<\/div><\/figure><figure class='gallery-item'>\n\t\t\t<div class='gallery-icon landscape'>\n\t\t\t\t<a href='https:\/\/rediv.org\/noticias\/muestras-en-danza-con-rediv-2022\/screen-shot-2022-04-25-at-23-09-28\/'><img loading=\"lazy\" decoding=\"async\" width=\"150\" height=\"150\" src=\"https:\/\/rediv.org\/noticias\/wp-content\/uploads\/2022\/04\/Screen-Shot-2022-04-25-at-23.09.28-150x150.png\" class=\"attachment-thumbnail size-thumbnail\" alt=\"\" srcset=\"https:\/\/rediv.org\/noticias\/wp-content\/uploads\/2022\/04\/Screen-Shot-2022-04-25-at-23.09.28-150x150.png 150w, https:\/\/rediv.org\/noticias\/wp-content\/uploads\/2022\/04\/Screen-Shot-2022-04-25-at-23.09.28-300x300.png 300w, https:\/\/rediv.org\/noticias\/wp-content\/uploads\/2022\/04\/Screen-Shot-2022-04-25-at-23.09.28-768x767.png 768w, https:\/\/rediv.org\/noticias\/wp-content\/uploads\/2022\/04\/Screen-Shot-2022-04-25-at-23.09.28.png 792w\" sizes=\"auto, (max-width: 150px) 100vw, 150px\" \/><\/a>\n\t\t\t<\/div><\/figure><figure class='gallery-item'>\n\t\t\t<div class='gallery-icon portrait'>\n\t\t\t\t<a href='https:\/\/rediv.org\/noticias\/muestras-en-danza-con-rediv-2022\/screen-shot-2022-04-25-at-23-09-39\/'><img loading=\"lazy\" decoding=\"async\" width=\"150\" height=\"150\" src=\"https:\/\/rediv.org\/noticias\/wp-content\/uploads\/2022\/04\/Screen-Shot-2022-04-25-at-23.09.39-150x150.png\" class=\"attachment-thumbnail size-thumbnail\" alt=\"\" srcset=\"https:\/\/rediv.org\/noticias\/wp-content\/uploads\/2022\/04\/Screen-Shot-2022-04-25-at-23.09.39-150x150.png 150w, https:\/\/rediv.org\/noticias\/wp-content\/uploads\/2022\/04\/Screen-Shot-2022-04-25-at-23.09.39-300x300.png 300w, https:\/\/rediv.org\/noticias\/wp-content\/uploads\/2022\/04\/Screen-Shot-2022-04-25-at-23.09.39-768x770.png 768w, https:\/\/rediv.org\/noticias\/wp-content\/uploads\/2022\/04\/Screen-Shot-2022-04-25-at-23.09.39.png 793w\" sizes=\"auto, (max-width: 150px) 100vw, 150px\" \/><\/a>\n\t\t\t<\/div><\/figure>\n\t\t<\/div>\n\n<p><strong>OBRAS:<\/strong><\/p>\n<p><span style=\"font-weight: 400;\">1)<\/span> <b>IJO AS\u00c8 ER\u00ca <\/b><span style=\"font-weight: 400;\">\u00a0&#8211; criadores: Janaina Santos, Emerson Coelho e Bel Araujo &#8211; Universidade Cat\u00f3lica de Pernambuco UNICAP\/Brasil.\u00a0<\/span><\/p>\n<p><span style=\"font-weight: 400;\">2)<\/span> <b>Las cosas no tienen un comienzo, simplemente empiezan <\/b><span style=\"font-weight: 400;\">&#8211; creadores: Andrea Pereda Burga, Juan Ignacio Ferreras, Andr\u00e9s Garc\u00eda &#8211; Conservatorio Astor Piazzolla Argentina.\u00a0<\/span><\/p>\n<p><span style=\"font-weight: 400;\">3)<\/span> <b>6x liberdade e seguran\u00e7a <\/b><span style=\"font-weight: 400;\">&#8211; creadores: Kenne Felipe, Jalisson lopes e Kennedy Lucas, Olivia Macedo &#8211; Licenciatura em Dan\u00e7a UFRN Itaj\u00e1\/ Brasil.\u00a0<\/span><\/p>\n<p><span style=\"font-weight: 400;\">4)<\/span> <b>Metamorfo<\/b><span style=\"font-weight: 400;\"> &#8211; creador: Jan Marceau &#8211; Universidad Nacional Medell\u00edn \/Colombia.\u00a0<\/span><span style=\"font-weight: 400;\">\u00a0<\/span><\/p>\n<p><span style=\"font-weight: 400;\">5)<\/span> <b>Rubik&#8217;s <\/b><span style=\"font-weight: 400;\">\u00a0&#8211; Criadores: S\u00e2mya de Lima, Matheus Carneiro,\u00a0 Nathan Pereira &#8211; Bacharelado em Dan\u00e7a Universidade Federal do Cear\u00e1 \u2013 UFC, Fortaleza\/ Brasil.\u00a0\u00a0\u00a0<\/span><\/p>\n<p><span style=\"font-weight: 400;\">6)<\/span> <b>CACOSfonia <\/b><span style=\"font-weight: 400;\">\u00a0\u00a0&#8211; Criadores:\u00a0 LALIC Laborat\u00f3rio de Linguagens do Corpo do curso de Dan\u00e7a &#8211;\u00a0 Gabi Lopes e Mariana Trotta, Camila Gonzalez, Flora Bulc\u00e3o, Jacki Karen, Juliana Arantes, Let\u00edcia Morado, Marc\u00edlio Fernandes, Manuella Lavinas\u00a0 &#8211; Universidade Federal do Rio de Janeiro\/ Brasil.\u00a0<\/span><\/p>\n<p><span style=\"font-weight: 400;\">7)<\/span> <b>Latidos \u2013 (heart beats) <\/b><span style=\"font-weight: 400;\">&#8211; Creadores:Todd Carroll, Fiamma Lenzu- Carroll, Anabella Lenzu, Geoff Gersh &#8211; New York University, School of Visual Arts and Wagner College Estados Unidos.\u00a0<\/span><\/p>\n<p><span style=\"font-weight: 400;\">8)<\/span> <b>DES- APEGO<\/b><span style=\"font-weight: 400;\"> &#8211; Creadores: Cervin Maria, Falc\u00f3n Jos\u00e9 Ignacio, Lucrecia Milagros Yaccuzzi, Peralta, Luciana Mariel &#8211; Universidad Nacional del Nordeste- Facultad de Artes, Dise\u00f1o y Ciencias de la Cultura &#8211; Licenciatura en Artes Combinadas &#8211; Resistencia, Chaco Argentina.\u00a0<\/span><\/p>\n<p><span style=\"font-weight: 400;\">9)<\/span> <b>Dimensi\u00f3n Zambact &#8211;<\/b><span style=\"font-weight: 400;\"> Creadores: In\u00e9s Maguna, Guido Wiaggio Vecchione, Ciro Korol, Mart\u00edn Reinoso &#8211; Institutos de Formaci\u00f3n Docente (Ministerio de Educaci\u00f3n) Rosario, Santa Fe\/ Argentina.\u00a0<\/span><\/p>\n<p><span style=\"font-weight: 400;\">10) <\/span><b>Anhelo (Flores a Oxum)-<\/b><span style=\"font-weight: 400;\"> Creadores: Dinah Schonhaut, Dolphin X-Ray, Guido Piotrkowski, Eva Soibelzohn &#8211; Universidad Nacional de La Plata Maestr\u00eda en Comunicaci\u00f3n, Cultura y Educaci\u00f3n Buenos Aires\/ Argentina.<\/span><\/p>\n<hr \/>\n<p><b>Programa 2<\/b><\/p>\n<p><span style=\"font-weight: 400;\">Horario de estreno:<\/span><\/p>\n<p><span style=\"font-weight: 400;\">11:30h Costa Rica \/\u00a0<\/span><\/p>\n<p><span style=\"font-weight: 400;\">12:30h Colombia-Ecuador-M\u00e9xico \/\u00a0<\/span><\/p>\n<p><span style=\"font-weight: 400;\">13:30h Bolivia-Cuba-Chile-Paraguay-Venezuela \/\u00a0<\/span><\/p>\n<p><span style=\"font-weight: 400;\">14:30h Argentina-Brasil-Uruguay\u00a0 \/\u00a0<\/span><\/p>\n<p><span style=\"font-weight: 400;\">18:30h Portugal \/\u00a0<\/span><\/p>\n<p><span style=\"font-weight: 400;\">19:30h Espa\u00f1a.\u00a0<\/span><\/p>\n<div id='gallery-3' class='gallery galleryid-45 gallery-columns-3 gallery-size-thumbnail'><figure class='gallery-item'>\n\t\t\t<div class='gallery-icon landscape'>\n\t\t\t\t<a href='https:\/\/rediv.org\/noticias\/muestras-en-danza-con-rediv-2022\/screen-shot-2022-04-25-at-23-11-28\/'><img loading=\"lazy\" decoding=\"async\" width=\"150\" height=\"150\" src=\"https:\/\/rediv.org\/noticias\/wp-content\/uploads\/2022\/04\/Screen-Shot-2022-04-25-at-23.11.28-150x150.png\" class=\"attachment-thumbnail size-thumbnail\" alt=\"\" srcset=\"https:\/\/rediv.org\/noticias\/wp-content\/uploads\/2022\/04\/Screen-Shot-2022-04-25-at-23.11.28-150x150.png 150w, https:\/\/rediv.org\/noticias\/wp-content\/uploads\/2022\/04\/Screen-Shot-2022-04-25-at-23.11.28-300x300.png 300w, https:\/\/rediv.org\/noticias\/wp-content\/uploads\/2022\/04\/Screen-Shot-2022-04-25-at-23.11.28-768x766.png 768w, https:\/\/rediv.org\/noticias\/wp-content\/uploads\/2022\/04\/Screen-Shot-2022-04-25-at-23.11.28.png 792w\" sizes=\"auto, (max-width: 150px) 100vw, 150px\" \/><\/a>\n\t\t\t<\/div><\/figure><figure class='gallery-item'>\n\t\t\t<div class='gallery-icon landscape'>\n\t\t\t\t<a href='https:\/\/rediv.org\/noticias\/muestras-en-danza-con-rediv-2022\/screen-shot-2022-04-25-at-23-11-43\/'><img loading=\"lazy\" decoding=\"async\" width=\"150\" height=\"150\" src=\"https:\/\/rediv.org\/noticias\/wp-content\/uploads\/2022\/04\/Screen-Shot-2022-04-25-at-23.11.43-150x150.png\" class=\"attachment-thumbnail size-thumbnail\" alt=\"\" srcset=\"https:\/\/rediv.org\/noticias\/wp-content\/uploads\/2022\/04\/Screen-Shot-2022-04-25-at-23.11.43-150x150.png 150w, https:\/\/rediv.org\/noticias\/wp-content\/uploads\/2022\/04\/Screen-Shot-2022-04-25-at-23.11.43-300x300.png 300w, https:\/\/rediv.org\/noticias\/wp-content\/uploads\/2022\/04\/Screen-Shot-2022-04-25-at-23.11.43-768x768.png 768w, https:\/\/rediv.org\/noticias\/wp-content\/uploads\/2022\/04\/Screen-Shot-2022-04-25-at-23.11.43.png 793w\" sizes=\"auto, (max-width: 150px) 100vw, 150px\" \/><\/a>\n\t\t\t<\/div><\/figure><figure class='gallery-item'>\n\t\t\t<div class='gallery-icon portrait'>\n\t\t\t\t<a href='https:\/\/rediv.org\/noticias\/muestras-en-danza-con-rediv-2022\/screen-shot-2022-04-25-at-23-11-56\/'><img loading=\"lazy\" decoding=\"async\" width=\"150\" height=\"150\" src=\"https:\/\/rediv.org\/noticias\/wp-content\/uploads\/2022\/04\/Screen-Shot-2022-04-25-at-23.11.56-150x150.png\" class=\"attachment-thumbnail size-thumbnail\" alt=\"\" srcset=\"https:\/\/rediv.org\/noticias\/wp-content\/uploads\/2022\/04\/Screen-Shot-2022-04-25-at-23.11.56-150x150.png 150w, https:\/\/rediv.org\/noticias\/wp-content\/uploads\/2022\/04\/Screen-Shot-2022-04-25-at-23.11.56-298x300.png 298w, https:\/\/rediv.org\/noticias\/wp-content\/uploads\/2022\/04\/Screen-Shot-2022-04-25-at-23.11.56-768x772.png 768w, https:\/\/rediv.org\/noticias\/wp-content\/uploads\/2022\/04\/Screen-Shot-2022-04-25-at-23.11.56.png 792w\" sizes=\"auto, (max-width: 150px) 100vw, 150px\" \/><\/a>\n\t\t\t<\/div><\/figure>\n\t\t<\/div>\n\n<p><strong>OBRAS:<\/strong><\/p>\n<p><span style=\"font-weight: 400;\">11)<\/span><b> LA TRAMPA &#8211; <\/b><span style=\"font-weight: 400;\">Creadores: Facundo Aguilar, Irupe Montiel, Luc\u00eda Girardi, Maria Emilia Gette, Magdalena Benitez, Paula Fern\u00e1ndez Ruiz, Rebeca Stragazzi, Sofia Lopez Bravo, Victoria Vides, Luc\u00eda Rivarola, Micaela Ort\u00edz, Lucas C\u00f3rdova, Emilia Vera C\u00f3rdoba, Carla Minteguiaga, Quio Binetti, David Se\u00f1oran, Jos\u00e9 Binetti, Carolina Scaglione Florencia Petersen,\u00a0 Micaela Almeida Producci\u00f3n Gonzalo Bao Noelia Di Laura Agustina Amorena, Romina Bisignano Juli Jons Milagros Castro &#8211; Compa\u00f1ia Universitaria de Danza de la Escuela de Arte y Patrimonio de la Universidad Nacional de San Martin &#8211; Ciudad Aut\u00f3noma de Buenos Aires\/Argentina.\u00a0<\/span><\/p>\n<p><span style=\"font-weight: 400;\">12) <\/span><b>SILENCIO <\/b><span style=\"font-weight: 400;\">&#8211; Creadores: Yaneth Mes\u00edas Bola\u00f1os, Natalia Cediel &#8211; Catalina Marquez, Juliana Botero, Valentina Truque,\u00a0 Sebastian Valencia, Yaneth Mes\u00edas &#8211; Universidad Aut\u00f3noma de Occidente de Cali\/ Colombia.\u00a0<\/span><\/p>\n<p><span style=\"font-weight: 400;\">13)<\/span><b> Acolhimento de um corpo que menstrua <\/b><span style=\"font-weight: 400;\">\u00a0&#8211; Criadores: La\u00eds Otavio, S\u00f3crates Roberto Fusinato e Mayara Tel\u00f3 Panzera, La\u00eds Otavio, Jeraldi Hiroki e Zil\u00e1 Muniz- Licenciatura em Teatro da UDESC Florian\u00f3polis\/ Brasil.\u00a0<\/span><\/p>\n<p><span style=\"font-weight: 400;\">14) <\/span><b>2021: Meu Presente<\/b><span style=\"font-weight: 400;\"> &#8211; Criadores: Marcelle Pessanha, Juliana Kis,Pam de Brito, Nayane Fernandes, Alessandro Pires, Karine Aguiar, Yuri Ribeiro &#8211; Centro Universit\u00e1rio da Cidade do Rio de Janeiro &#8211; UniverCIDADE\u00a0 &#8211; Volta Redonda \/Brasil.\u00a0<\/span><\/p>\n<p><span style=\"font-weight: 400;\">15) <\/span><b>PENDENTES &#8211; <\/b><span style=\"font-weight: 400;\">Criadores: Isabela Lueders; Jeraldi Hiroki; Luiza G\u00f3es &#8211; Licenciatura em Teatro da Universidade do Estado de Santa Catarina &#8211; Florian\u00f3polis\/ Brasil.\u00a0<\/span><\/p>\n<p><span style=\"font-weight: 400;\">16) <\/span><b>Flanar <\/b><span style=\"font-weight: 400;\">&#8211; Criadores: J\u00fanior Mendes, Jo\u00e3o Pedro C\u00edcero, R\u00f4mulo Santos, David Le\u00e3o &#8211; Curso de Cinema da Universidade Federal do Cear\u00e1 (UFC) Fortaleza\/ Brasil.<\/span><\/p>\n<hr \/>\n<p><b>Programa 3<\/b><\/p>\n<p><span style=\"font-weight: 400;\">Horario de estreno:\u00a0<\/span><\/p>\n<p><span style=\"font-weight: 400;\">12h Costa Rica \/\u00a0<\/span><\/p>\n<p><span style=\"font-weight: 400;\">13h Colombia-Ecuador-M\u00e9xico \/\u00a0<\/span><\/p>\n<p><span style=\"font-weight: 400;\">14h Bolivia-Cuba-Chile-Paraguay-Venezuela\/ 15h Argentina-Brasil-Uruguay \/\u00a0<\/span><\/p>\n<p><span style=\"font-weight: 400;\">19h Portugal \/\u00a0<\/span><\/p>\n<p><span style=\"font-weight: 400;\">20h Espa\u00f1a.<\/span><\/p>\n<div id='gallery-4' class='gallery galleryid-45 gallery-columns-3 gallery-size-thumbnail'><figure class='gallery-item'>\n\t\t\t<div class='gallery-icon portrait'>\n\t\t\t\t<a href='https:\/\/rediv.org\/noticias\/muestras-en-danza-con-rediv-2022\/screen-shot-2022-04-25-at-23-14-42\/'><img loading=\"lazy\" decoding=\"async\" width=\"150\" height=\"150\" src=\"https:\/\/rediv.org\/noticias\/wp-content\/uploads\/2022\/04\/Screen-Shot-2022-04-25-at-23.14.42-150x150.png\" class=\"attachment-thumbnail size-thumbnail\" alt=\"\" srcset=\"https:\/\/rediv.org\/noticias\/wp-content\/uploads\/2022\/04\/Screen-Shot-2022-04-25-at-23.14.42-150x150.png 150w, https:\/\/rediv.org\/noticias\/wp-content\/uploads\/2022\/04\/Screen-Shot-2022-04-25-at-23.14.42-300x300.png 300w, https:\/\/rediv.org\/noticias\/wp-content\/uploads\/2022\/04\/Screen-Shot-2022-04-25-at-23.14.42-768x769.png 768w, https:\/\/rediv.org\/noticias\/wp-content\/uploads\/2022\/04\/Screen-Shot-2022-04-25-at-23.14.42.png 792w\" sizes=\"auto, (max-width: 150px) 100vw, 150px\" \/><\/a>\n\t\t\t<\/div><\/figure><figure class='gallery-item'>\n\t\t\t<div class='gallery-icon landscape'>\n\t\t\t\t<a href='https:\/\/rediv.org\/noticias\/muestras-en-danza-con-rediv-2022\/screen-shot-2022-04-25-at-23-14-52\/'><img loading=\"lazy\" decoding=\"async\" width=\"150\" height=\"150\" src=\"https:\/\/rediv.org\/noticias\/wp-content\/uploads\/2022\/04\/Screen-Shot-2022-04-25-at-23.14.52-150x150.png\" class=\"attachment-thumbnail size-thumbnail\" alt=\"\" srcset=\"https:\/\/rediv.org\/noticias\/wp-content\/uploads\/2022\/04\/Screen-Shot-2022-04-25-at-23.14.52-150x150.png 150w, https:\/\/rediv.org\/noticias\/wp-content\/uploads\/2022\/04\/Screen-Shot-2022-04-25-at-23.14.52-300x300.png 300w, https:\/\/rediv.org\/noticias\/wp-content\/uploads\/2022\/04\/Screen-Shot-2022-04-25-at-23.14.52-768x767.png 768w, https:\/\/rediv.org\/noticias\/wp-content\/uploads\/2022\/04\/Screen-Shot-2022-04-25-at-23.14.52.png 793w\" sizes=\"auto, (max-width: 150px) 100vw, 150px\" \/><\/a>\n\t\t\t<\/div><\/figure><figure class='gallery-item'>\n\t\t\t<div class='gallery-icon landscape'>\n\t\t\t\t<a href='https:\/\/rediv.org\/noticias\/muestras-en-danza-con-rediv-2022\/screen-shot-2022-04-25-at-23-15-04\/'><img loading=\"lazy\" decoding=\"async\" width=\"150\" height=\"150\" src=\"https:\/\/rediv.org\/noticias\/wp-content\/uploads\/2022\/04\/Screen-Shot-2022-04-25-at-23.15.04-150x150.png\" class=\"attachment-thumbnail size-thumbnail\" alt=\"\" srcset=\"https:\/\/rediv.org\/noticias\/wp-content\/uploads\/2022\/04\/Screen-Shot-2022-04-25-at-23.15.04-150x150.png 150w, https:\/\/rediv.org\/noticias\/wp-content\/uploads\/2022\/04\/Screen-Shot-2022-04-25-at-23.15.04-300x300.png 300w, https:\/\/rediv.org\/noticias\/wp-content\/uploads\/2022\/04\/Screen-Shot-2022-04-25-at-23.15.04-768x766.png 768w, https:\/\/rediv.org\/noticias\/wp-content\/uploads\/2022\/04\/Screen-Shot-2022-04-25-at-23.15.04.png 793w\" sizes=\"auto, (max-width: 150px) 100vw, 150px\" \/><\/a>\n\t\t\t<\/div><\/figure>\n\t\t<\/div>\n\n<p><strong>OBRAS:<\/strong><\/p>\n<p><span style=\"font-weight: 400;\">17) <\/span><b>CORPO CONCRETO <\/b><span style=\"font-weight: 400;\">&#8211; Criadores: Jo\u00e3o Pedro, Suzana Figueira, R\u00f4mulo Santos, Francisco Moura, J\u00fanior Mendes, David Francisco Rocha Lea\u0303o &#8211; Curso de Dan\u00e7a da Universidade Federal do Cear\u00e1 Fortaleza\/ Brasil.\u00a0<\/span><\/p>\n<p><span style=\"font-weight: 400;\">18)<\/span><b> Isolado &#8211; <\/b><span style=\"font-weight: 400;\">Criadores: Oscar Malta e Ivaldo Mendon\u00e7a &#8211; UPorto\/UFPE &#8211; DAP- Doutorado em Artes Pl\u00e1sticas do Porto Portugal\/Brasil.\u00a0<\/span><\/p>\n<p><span style=\"font-weight: 400;\">19)<\/span><b> Irevirvendo &#8211; <\/b><span style=\"font-weight: 400;\">Criadores: Cec\u00edlia Resende, Mariana Mendes, Mariani Resende,\u00a0 L\u00e9tz Pinheiro, Vivian Barbosa, Alexis F.S. e Lucio Pereira &#8211; Bacharelado em Dan\u00e7a &#8211; Universidade Federal de Uberl\u00e2ndia Dan\u00e7a\u00a0 Uberl\u00e2ndia \u2013 MG\/ Brasil.\u00a0<\/span><\/p>\n<p><span style=\"font-weight: 400;\">20) <\/span><b>Sandbox &#8211;<\/b><span style=\"font-weight: 400;\"> Criadores: Diogo Angeli, Eduardo Pereira &#8211; Doutorado em artes da cena Unicamp -Campinas-SP\/ Brasil.\u00a0<\/span><\/p>\n<p><span style=\"font-weight: 400;\">21)\u00a0 <\/span><b>Pequenos desvios para mover <\/b><span style=\"font-weight: 400;\">&#8211;\u00a0 Criadores: Catharina Gl\u00f3ria e Kalu\u00e3 Leone &#8211; Curso de Dan\u00e7a da Universidade Estadual de Campinas \u2013 UNICAMP\/SP &#8211; Brasil.\u00a0<\/span><\/p>\n<p><span style=\"font-weight: 400;\">22)<\/span><b> Cuerpos Emergentes<\/b><span style=\"font-weight: 400;\"> &#8211; <\/span><b>Microrrelatos dos<\/b><span style=\"font-weight: 400;\"> &#8211; Creadores: producci\u00f3n conjunta entre la c\u00e1tedra del UDI Videodanza y el\u00a0 Elenco de Pr\u00e1cticas Esc\u00e9nicas \u2013 Expresi\u00f3n Corporal\u00a0 &#8211;\u00a0 Instituto Superior Provincial de Danzas N 5929 Isabel Taboga &#8211; Rosario (Santa Fe)\/ Argentina.<\/span><\/p>\n<hr \/>\n<p><b>Programa 4<\/b><\/p>\n<p><span style=\"font-weight: 400;\">Horario de estreno::\u00a0<\/span><\/p>\n<p><span style=\"font-weight: 400;\">12:30h Costa Rica \/\u00a0<\/span><\/p>\n<p><span style=\"font-weight: 400;\">13:30h Colombia-Ecuador-M\u00e9xico \/\u00a0<\/span><\/p>\n<p><span style=\"font-weight: 400;\">14:30h Bolivia-Cuba-Chile-Paraguay-Venezuela\/ 15:30h Argentina-Brasil-Uruguay \/\u00a0<\/span><\/p>\n<p><span style=\"font-weight: 400;\">19:30h Portugal \/\u00a0<\/span><\/p>\n<p><span style=\"font-weight: 400;\">20:30h Espa\u00f1a.<\/span><\/p>\n<div id='gallery-5' class='gallery galleryid-45 gallery-columns-3 gallery-size-thumbnail'><figure class='gallery-item'>\n\t\t\t<div class='gallery-icon landscape'>\n\t\t\t\t<a href='https:\/\/rediv.org\/noticias\/muestras-en-danza-con-rediv-2022\/screen-shot-2022-04-25-at-23-16-08\/'><img loading=\"lazy\" decoding=\"async\" width=\"150\" height=\"150\" src=\"https:\/\/rediv.org\/noticias\/wp-content\/uploads\/2022\/04\/Screen-Shot-2022-04-25-at-23.16.08-150x150.png\" class=\"attachment-thumbnail size-thumbnail\" alt=\"\" srcset=\"https:\/\/rediv.org\/noticias\/wp-content\/uploads\/2022\/04\/Screen-Shot-2022-04-25-at-23.16.08-150x150.png 150w, https:\/\/rediv.org\/noticias\/wp-content\/uploads\/2022\/04\/Screen-Shot-2022-04-25-at-23.16.08-300x300.png 300w, https:\/\/rediv.org\/noticias\/wp-content\/uploads\/2022\/04\/Screen-Shot-2022-04-25-at-23.16.08-768x768.png 768w, https:\/\/rediv.org\/noticias\/wp-content\/uploads\/2022\/04\/Screen-Shot-2022-04-25-at-23.16.08.png 793w\" sizes=\"auto, (max-width: 150px) 100vw, 150px\" \/><\/a>\n\t\t\t<\/div><\/figure><figure class='gallery-item'>\n\t\t\t<div class='gallery-icon portrait'>\n\t\t\t\t<a href='https:\/\/rediv.org\/noticias\/muestras-en-danza-con-rediv-2022\/screen-shot-2022-04-25-at-23-16-18\/'><img loading=\"lazy\" decoding=\"async\" width=\"150\" height=\"150\" src=\"https:\/\/rediv.org\/noticias\/wp-content\/uploads\/2022\/04\/Screen-Shot-2022-04-25-at-23.16.18-150x150.png\" class=\"attachment-thumbnail size-thumbnail\" alt=\"\" srcset=\"https:\/\/rediv.org\/noticias\/wp-content\/uploads\/2022\/04\/Screen-Shot-2022-04-25-at-23.16.18-150x150.png 150w, https:\/\/rediv.org\/noticias\/wp-content\/uploads\/2022\/04\/Screen-Shot-2022-04-25-at-23.16.18-300x300.png 300w, https:\/\/rediv.org\/noticias\/wp-content\/uploads\/2022\/04\/Screen-Shot-2022-04-25-at-23.16.18-768x769.png 768w, https:\/\/rediv.org\/noticias\/wp-content\/uploads\/2022\/04\/Screen-Shot-2022-04-25-at-23.16.18.png 792w\" sizes=\"auto, (max-width: 150px) 100vw, 150px\" \/><\/a>\n\t\t\t<\/div><\/figure><figure class='gallery-item'>\n\t\t\t<div class='gallery-icon portrait'>\n\t\t\t\t<a href='https:\/\/rediv.org\/noticias\/muestras-en-danza-con-rediv-2022\/screen-shot-2022-04-25-at-23-16-28\/'><img loading=\"lazy\" decoding=\"async\" width=\"150\" height=\"150\" src=\"https:\/\/rediv.org\/noticias\/wp-content\/uploads\/2022\/04\/Screen-Shot-2022-04-25-at-23.16.28-150x150.png\" class=\"attachment-thumbnail size-thumbnail\" alt=\"\" srcset=\"https:\/\/rediv.org\/noticias\/wp-content\/uploads\/2022\/04\/Screen-Shot-2022-04-25-at-23.16.28-150x150.png 150w, https:\/\/rediv.org\/noticias\/wp-content\/uploads\/2022\/04\/Screen-Shot-2022-04-25-at-23.16.28-300x300.png 300w, https:\/\/rediv.org\/noticias\/wp-content\/uploads\/2022\/04\/Screen-Shot-2022-04-25-at-23.16.28-768x770.png 768w, https:\/\/rediv.org\/noticias\/wp-content\/uploads\/2022\/04\/Screen-Shot-2022-04-25-at-23.16.28.png 794w\" sizes=\"auto, (max-width: 150px) 100vw, 150px\" \/><\/a>\n\t\t\t<\/div><\/figure>\n\t\t<\/div>\n\n<p><strong>OBRAS<\/strong><span style=\"font-weight: 400;\">:<\/span><\/p>\n<p><span style=\"font-weight: 400;\">23) <\/span><b>SAQ&#8217;RA SUPAY&#8230;con el cuerpo endiablado\u00a0 <\/b><span style=\"font-weight: 400;\">&#8211; Creadores: Mart\u00edn Esquivel Viveros, Elisa Portela\u00a0 &#8211; Universidad Nacional de Jujuy Antropolog\u00eda Humahuaca, Jujuy\/ Argentina.\u00a0<\/span><\/p>\n<p><span style=\"font-weight: 400;\">24) <\/span><b>Oito Varia\u00e7\u00f5es <\/b><span style=\"font-weight: 400;\">&#8211; Criadores: Alicy Ferreira, Ana Crisley, Ana Gabriela, Ana Karla, Ana Lara, Ana Luizy, Deylane Belchior, Gabrielly Vit\u00f3ria, Domitilia Isabely, Iane Elen, Kailany Gon\u00e7alves, Mait\u00ea Ximenes, Maria Eduarda Ara\u00fajo, Maria Eduarda Gomes, Maria Gabrielle, Maria Luisa, Ra\u00edssa Nunes, Saulo Rodrigues, Stella Campelo, Allan Diniz, Brisa Vit\u00f3ria, Dayana Ferreira, Herbeline Holanda, Yuri Vefago &#8211; Universidade Federal do Cear\u00e1 &#8211; UFC\/ Brasil.\u00a0<\/span><\/p>\n<p><span style=\"font-weight: 400;\">25) <\/span><b>Terraza &#8211; <\/b><span style=\"font-weight: 400;\">Creadores: \u00d1uw\u00e1 Paz Montoya y Florencia Rivosecchi,\u00a0 Diego Stocco. Instituto Superior Provincial de Danzas N 5929 \u00abIsabel Taboga\u00bb Rosario, Santa Fe\/ Argentina.\u00a0<\/span><\/p>\n<p><span style=\"font-weight: 400;\">26)<\/span><b> Caixa Branca &#8211; <\/b><span style=\"font-weight: 400;\">Creadores: Indira Br\u00edgido e Eliovaldo Ananias &#8211; <\/span><b>\u00a0<\/b><span style=\"font-weight: 400;\">Universidade Federal do Cear\u00e1 \u2013 Fortaleza\/ Brasil.\u00a0<\/span><\/p>\n<p><span style=\"font-weight: 400;\">27)<\/span><b> Mesheography <\/b><span style=\"font-weight: 400;\">&#8211; Creadores: Mario Fernando Cruz Cardoso &#8211; UNAM ENES Morelia M\u00fasica y Tecnolog\u00eda Art\u00edstica Morelia \/M\u00e9xico.<\/span><\/p>\n<p><span style=\"font-weight: 400;\">28)<\/span><b> C\u00f3mo vivir con mi cuerpo si no lo reconozco &#8211;<\/b><span style=\"font-weight: 400;\"> Creadora: Jaqueline Romero Universidad Nacional del Nordeste &#8211; Facultad de Artes, Dise\u00f1o y Ciencias de la Cultura Resistencia &#8211; Chaco\/ Argentina.<\/span><\/p>\n<hr \/>\n<h3><b>6- MUESTRA UNIVERSITARIA DE VIDEODANZA REDIV 2022<\/b><\/h3>\n<div id='gallery-6' class='gallery galleryid-45 gallery-columns-3 gallery-size-thumbnail'><figure class='gallery-item'>\n\t\t\t<div class='gallery-icon portrait'>\n\t\t\t\t<a href='https:\/\/rediv.org\/noticias\/muestras-en-danza-con-rediv-2022\/screen-shot-2022-04-25-at-23-18-37\/'><img loading=\"lazy\" decoding=\"async\" width=\"150\" height=\"150\" src=\"https:\/\/rediv.org\/noticias\/wp-content\/uploads\/2022\/04\/Screen-Shot-2022-04-25-at-23.18.37-150x150.png\" class=\"attachment-thumbnail size-thumbnail\" alt=\"\" srcset=\"https:\/\/rediv.org\/noticias\/wp-content\/uploads\/2022\/04\/Screen-Shot-2022-04-25-at-23.18.37-150x150.png 150w, https:\/\/rediv.org\/noticias\/wp-content\/uploads\/2022\/04\/Screen-Shot-2022-04-25-at-23.18.37-300x300.png 300w, https:\/\/rediv.org\/noticias\/wp-content\/uploads\/2022\/04\/Screen-Shot-2022-04-25-at-23.18.37-768x771.png 768w, https:\/\/rediv.org\/noticias\/wp-content\/uploads\/2022\/04\/Screen-Shot-2022-04-25-at-23.18.37.png 793w\" sizes=\"auto, (max-width: 150px) 100vw, 150px\" \/><\/a>\n\t\t\t<\/div><\/figure><figure class='gallery-item'>\n\t\t\t<div class='gallery-icon portrait'>\n\t\t\t\t<a href='https:\/\/rediv.org\/noticias\/muestras-en-danza-con-rediv-2022\/screen-shot-2022-04-25-at-23-18-47\/'><img loading=\"lazy\" decoding=\"async\" width=\"150\" height=\"150\" src=\"https:\/\/rediv.org\/noticias\/wp-content\/uploads\/2022\/04\/Screen-Shot-2022-04-25-at-23.18.47-150x150.png\" class=\"attachment-thumbnail size-thumbnail\" alt=\"\" srcset=\"https:\/\/rediv.org\/noticias\/wp-content\/uploads\/2022\/04\/Screen-Shot-2022-04-25-at-23.18.47-150x150.png 150w, https:\/\/rediv.org\/noticias\/wp-content\/uploads\/2022\/04\/Screen-Shot-2022-04-25-at-23.18.47-300x300.png 300w, https:\/\/rediv.org\/noticias\/wp-content\/uploads\/2022\/04\/Screen-Shot-2022-04-25-at-23.18.47-768x770.png 768w, https:\/\/rediv.org\/noticias\/wp-content\/uploads\/2022\/04\/Screen-Shot-2022-04-25-at-23.18.47.png 793w\" sizes=\"auto, (max-width: 150px) 100vw, 150px\" \/><\/a>\n\t\t\t<\/div><\/figure><figure class='gallery-item'>\n\t\t\t<div class='gallery-icon portrait'>\n\t\t\t\t<a href='https:\/\/rediv.org\/noticias\/muestras-en-danza-con-rediv-2022\/screen-shot-2022-04-25-at-23-18-57\/'><img loading=\"lazy\" decoding=\"async\" width=\"150\" height=\"150\" src=\"https:\/\/rediv.org\/noticias\/wp-content\/uploads\/2022\/04\/Screen-Shot-2022-04-25-at-23.18.57-150x150.png\" class=\"attachment-thumbnail size-thumbnail\" alt=\"\" srcset=\"https:\/\/rediv.org\/noticias\/wp-content\/uploads\/2022\/04\/Screen-Shot-2022-04-25-at-23.18.57-150x150.png 150w, https:\/\/rediv.org\/noticias\/wp-content\/uploads\/2022\/04\/Screen-Shot-2022-04-25-at-23.18.57-300x300.png 300w, https:\/\/rediv.org\/noticias\/wp-content\/uploads\/2022\/04\/Screen-Shot-2022-04-25-at-23.18.57-768x770.png 768w, https:\/\/rediv.org\/noticias\/wp-content\/uploads\/2022\/04\/Screen-Shot-2022-04-25-at-23.18.57.png 793w\" sizes=\"auto, (max-width: 150px) 100vw, 150px\" \/><\/a>\n\t\t\t<\/div><\/figure>\n\t\t<\/div>\n\n<p><b>LARGOS INVITADOS<\/b><\/p>\n<p><span style=\"font-weight: 400;\">Horario de estreno::\u00a0<\/span><\/p>\n<p><span style=\"font-weight: 400;\">13h Costa Rica \/\u00a0<\/span><\/p>\n<p><span style=\"font-weight: 400;\">14h Colombia-Ecuador-M\u00e9xico \/\u00a0<\/span><\/p>\n<p><span style=\"font-weight: 400;\">15h Bolivia-Cuba-Chile-Paraguay-Venezuela\/ 16h Argentina-Brasil-Uruguay \/\u00a0<\/span><\/p>\n<p><span style=\"font-weight: 400;\">20h Portugal \/\u00a0<\/span><\/p>\n<p><span style=\"font-weight: 400;\">21h Espa\u00f1a.<\/span><\/p>\n<p><span style=\"font-weight: 400;\">OBRA:<\/span><\/p>\n<p><span style=\"font-weight: 400;\">1)<\/span> <b>Ox\u00f3ssi &#8211; Orfeu <\/b><span style=\"font-weight: 400;\">&#8211; Criadores: Carlinhos Freitas, Dayana Ferreira, Herbeline Holanda, Hon\u00f3rio F\u00e9lix, Jana\u00edna Bento, J\u00fanior Meireles, Luisa Bessa, Nayana Castro, Souza Frota, Indira Br\u00edgido, Ariel Volkova, Austin Yip, Rodrigo Viana\u00a0 &#8211;\u00a0 Universidade Federal do Cear\u00e1 \u2013 UFC \u2013 Fortaleza\/ Brasil.<\/span><\/p>\n<hr \/>\n<p><span style=\"font-weight: 400;\">HORARIO DE ESTRENO:\u00a0<\/span><\/p>\n<p><b>25 de abril<\/b><\/p>\n<p><span style=\"font-weight: 400;\">13:30h Costa Rica \/\u00a0<\/span><\/p>\n<p><span style=\"font-weight: 400;\">14:30h Colombia-Ecuador-M\u00e9xico \/\u00a0<\/span><\/p>\n<p><span style=\"font-weight: 400;\">15:30h Bolivia-Cuba-Chile-Paraguay-Venezuela\/ 16:30h Argentina-Brasil-Uruguay \/<\/span><\/p>\n<p><span style=\"font-weight: 400;\">20:30h\u00a0 Portugal \/\u00a0\u00a0<\/span><\/p>\n<p><span style=\"font-weight: 400;\">21:30h Espa\u00f1a.<\/span><\/p>\n<p><span style=\"font-weight: 400;\">OBRA:<\/span><\/p>\n<p><span style=\"font-weight: 400;\">2)<\/span> <b>NO SOY UN ROBOT \u00a0 &#8211; <\/b><span style=\"font-weight: 400;\">\u00a0Creadores: 2 y 3 a\u00f1o de Compa\u00f1\u00eda Universitaria de Danza UNSAM y Licenciatura en Cine Documental EAYP\u00a0 &#8211; Escuela de Arte y Patrimonio de la Universidad Nacional de San Mart\u00edn\/ Argentina.<\/span><\/p>\n<hr \/>\n<p><span style=\"font-weight: 400;\">HORARIO DE ESTRENO:<\/span><\/p>\n<p><b>25 de abril<\/b><\/p>\n<p><span style=\"font-weight: 400;\">14h Costa Rica \/\u00a0<\/span><\/p>\n<p><span style=\"font-weight: 400;\">15h Colombia-Ecuador-M\u00e9xico \/\u00a0<\/span><\/p>\n<p><span style=\"font-weight: 400;\">16h Bolivia-Cuba-Chile-Paraguay-Venezuela\/ 17h Argentina-Brasil-Uruguay \/\u00a0<\/span><\/p>\n<p><span style=\"font-weight: 400;\">21h Portugal \/\u00a0<\/span><\/p>\n<p><span style=\"font-weight: 400;\">22h Espa\u00f1a.<\/span><\/p>\n<p><span style=\"font-weight: 400;\">OBRA:<\/span><\/p>\n<p><span style=\"font-weight: 400;\">3)<\/span> <b>Zona de vuelo <\/b><span style=\"font-weight: 400;\">&#8211; Creadores: Compa\u00f1\u00eda de Danza ISBA &#8211;\u00a0 Instituto de Bellas Artes Asunci\u00f3n\/ Paraguay.<\/span><\/p>\n<hr \/>\n<p><span style=\"font-weight: 400;\">HORARIO DE ESTRENO:<\/span><\/p>\n<p><b>25 de abril<\/b><span style=\"font-weight: 400;\">\u00a0<\/span><\/p>\n<p><span style=\"font-weight: 400;\">14:30h Costa Rica \/\u00a0<\/span><\/p>\n<p><span style=\"font-weight: 400;\">15:30h Colombia-Ecuador-M\u00e9xico \/\u00a0<\/span><\/p>\n<p><span style=\"font-weight: 400;\">16:30h Bolivia-Cuba-Chile-Paraguay-Venezuela\/ 17:30h Argentina-Brasil-Uruguay \/\u00a0<\/span><\/p>\n<p><span style=\"font-weight: 400;\">21:30h Portugal\u00a0 \/\u00a0<\/span><\/p>\n<p><span style=\"font-weight: 400;\">22:30h Espa\u00f1a.<\/span><\/p>\n<p><span style=\"font-weight: 400;\">OBRA:<\/span><\/p>\n<p><span style=\"font-weight: 400;\">4)<\/span> <b>FRONT<\/b><span style=\"font-weight: 400;\">&#8211; \u00a0 Criadores: Anticorpos &#8211; Investiga\u00e7\u00f5es em Dan\u00e7a &#8211; Universidade Federal de Ouro Preto \/ UFOP &#8211; Minas Gerais &#8211; Brasil.<\/span><\/p>\n<hr \/>\n<h3><b>7- MUESTRA UNIVERSITARIA DE VIDEODANZA REDIV 2022<\/b><\/h3>\n<p><b>INDEPENDIENTES<\/b><\/p>\n<p><span style=\"font-weight: 400;\">HORARIO DE ESTRENO:\u00a0<\/span><\/p>\n<p><b>25 de abril<\/b><\/p>\n<p><span style=\"font-weight: 400;\">15h Costa Rica \/\u00a0<\/span><\/p>\n<p><span style=\"font-weight: 400;\">16h Colombia-Ecuador-M\u00e9xico \/\u00a0<\/span><\/p>\n<p><span style=\"font-weight: 400;\">17h Bolivia-Cuba-Chile-Paraguay-Venezuela\/ 18h Argentina-Brasil-Uruguay \/\u00a0<\/span><\/p>\n<p><span style=\"font-weight: 400;\">22h Portugal \/\u00a0<\/span><\/p>\n<p><span style=\"font-weight: 400;\">23h Espa\u00f1a.<\/span><\/p>\n<div id='gallery-7' class='gallery galleryid-45 gallery-columns-3 gallery-size-thumbnail'><figure class='gallery-item'>\n\t\t\t<div class='gallery-icon landscape'>\n\t\t\t\t<a href='https:\/\/rediv.org\/noticias\/wp-content\/uploads\/2022\/04\/Screen-Shot-2022-04-25-at-23.22.17.png'><img loading=\"lazy\" decoding=\"async\" width=\"150\" height=\"150\" src=\"https:\/\/rediv.org\/noticias\/wp-content\/uploads\/2022\/04\/Screen-Shot-2022-04-25-at-23.22.17-150x150.png\" class=\"attachment-thumbnail size-thumbnail\" alt=\"\" srcset=\"https:\/\/rediv.org\/noticias\/wp-content\/uploads\/2022\/04\/Screen-Shot-2022-04-25-at-23.22.17-150x150.png 150w, https:\/\/rediv.org\/noticias\/wp-content\/uploads\/2022\/04\/Screen-Shot-2022-04-25-at-23.22.17-300x298.png 300w, https:\/\/rediv.org\/noticias\/wp-content\/uploads\/2022\/04\/Screen-Shot-2022-04-25-at-23.22.17-768x762.png 768w, https:\/\/rediv.org\/noticias\/wp-content\/uploads\/2022\/04\/Screen-Shot-2022-04-25-at-23.22.17.png 791w\" sizes=\"auto, (max-width: 150px) 100vw, 150px\" \/><\/a>\n\t\t\t<\/div><\/figure><figure class='gallery-item'>\n\t\t\t<div class='gallery-icon landscape'>\n\t\t\t\t<a href='https:\/\/rediv.org\/noticias\/wp-content\/uploads\/2022\/04\/Screen-Shot-2022-04-25-at-23.22.10.png'><img loading=\"lazy\" decoding=\"async\" width=\"150\" height=\"150\" src=\"https:\/\/rediv.org\/noticias\/wp-content\/uploads\/2022\/04\/Screen-Shot-2022-04-25-at-23.22.10-150x150.png\" class=\"attachment-thumbnail size-thumbnail\" alt=\"\" srcset=\"https:\/\/rediv.org\/noticias\/wp-content\/uploads\/2022\/04\/Screen-Shot-2022-04-25-at-23.22.10-150x150.png 150w, https:\/\/rediv.org\/noticias\/wp-content\/uploads\/2022\/04\/Screen-Shot-2022-04-25-at-23.22.10-300x300.png 300w, https:\/\/rediv.org\/noticias\/wp-content\/uploads\/2022\/04\/Screen-Shot-2022-04-25-at-23.22.10-768x767.png 768w, https:\/\/rediv.org\/noticias\/wp-content\/uploads\/2022\/04\/Screen-Shot-2022-04-25-at-23.22.10.png 790w\" sizes=\"auto, (max-width: 150px) 100vw, 150px\" \/><\/a>\n\t\t\t<\/div><\/figure><figure class='gallery-item'>\n\t\t\t<div class='gallery-icon landscape'>\n\t\t\t\t<a href='https:\/\/rediv.org\/noticias\/wp-content\/uploads\/2022\/04\/Screen-Shot-2022-04-25-at-23.22.04.png'><img loading=\"lazy\" decoding=\"async\" width=\"150\" height=\"150\" src=\"https:\/\/rediv.org\/noticias\/wp-content\/uploads\/2022\/04\/Screen-Shot-2022-04-25-at-23.22.04-150x150.png\" class=\"attachment-thumbnail size-thumbnail\" alt=\"\" srcset=\"https:\/\/rediv.org\/noticias\/wp-content\/uploads\/2022\/04\/Screen-Shot-2022-04-25-at-23.22.04-150x150.png 150w, https:\/\/rediv.org\/noticias\/wp-content\/uploads\/2022\/04\/Screen-Shot-2022-04-25-at-23.22.04-300x300.png 300w, https:\/\/rediv.org\/noticias\/wp-content\/uploads\/2022\/04\/Screen-Shot-2022-04-25-at-23.22.04-768x767.png 768w, https:\/\/rediv.org\/noticias\/wp-content\/uploads\/2022\/04\/Screen-Shot-2022-04-25-at-23.22.04.png 792w\" sizes=\"auto, (max-width: 150px) 100vw, 150px\" \/><\/a>\n\t\t\t<\/div><\/figure>\n\t\t<\/div>\n\n<p><span style=\"font-weight: 400;\">OBRAS<\/span><\/p>\n<p><span style=\"font-weight: 400;\">1 &#8211; <\/span><b>C\u00e1psula digital 3.0 &#8211; <\/b><span style=\"font-weight: 400;\">Creadores: Natalia Lorenzetti, Mait\u00e9 Galarza, Exequiel Ramos, Martin Soria y Natalia Lorenzetti, Guiso Revista, Octi Fern\u00e1ndez, Natalia Lorenzetti\u00a0 &#8211; Cuerpes &#8211; Movimiento experimental \u2013 Salta\/ Argentina.<\/span><\/p>\n<p><span style=\"font-weight: 400;\">2 &#8211;<\/span><b> BELE BELTZA\u00a0 <\/b><span style=\"font-weight: 400;\">\u00a0\u00a0Andrea Hackl \/ Andrea Hackl Projects \u2013 Amsterdam\/ Netherlands.\u00a0\u00a0\u00a0\u00a0\u00a0\u00a0\u00a0\u00a0\u00a0<\/span><\/p>\n<p><span style=\"font-weight: 400;\">3- <\/span><b>Desdesbordes <\/b><span style=\"font-weight: 400;\">\u00a0&#8211; Creadores: Joaquin Segade, Laureano Molina, D\u00e9bora Sans\u00f3 Neculman &#8211; Las Grutas\/ Argentina.\u00a0\u00a0\u00a0\u00a0\u00a0<\/span><\/p>\n<p><span style=\"font-weight: 400;\">4 &#8211;<\/span><b>MOVEMENT<\/b><b> &#8211; <\/b><span style=\"font-weight: 400;\">Libertad Pozo,\u00a0 Julio C. Fuentes Dom\u00ednguez, Estefan\u00eda Aisa <\/span><span style=\"font-weight: 400;\">\u00a0&#8211; Madrid\/ Espa\u00f1a.\u00a0<\/span><\/p>\n<p><span style=\"font-weight: 400;\">5 &#8211; <\/span><b>Espaldas Dobladas &#8211; <\/b><span style=\"font-weight: 400;\">Creadores: Hern\u00e1n David L\u00f3pez, Camila Luna y Emiliano Luna, Camila Pina, Juan Carlos Castellnou, Jerem\u00edas Vizca\u00edno &#8211; <\/span><span style=\"font-weight: 400;\">Ciudad Aut\u00f3noma de Buenos Aires, CABA\/ Argentina.\u00a0<\/span><\/p>\n<p><span style=\"font-weight: 400;\">6 &#8211; <\/span><b>RANALAND &#8211;<\/b><span style=\"font-weight: 400;\"> Creadores: Veronica Cecilia Rodriguez, Luciana Carunchio, Maria Fernanda Vallejos, Jonatan G\u00f3mez, Marcos Garfagnoli\u00a0 <\/span><span style=\"font-weight: 400;\">&#8211;\u00a0 Rosario\/ Argentina.<\/span><\/p>\n<hr \/>\n<p><b>8- MUESTRA FIVER: La mirada de ellas. 10 a\u00f1os de cine danza en Espa\u00f1a<\/b><\/p>\n<div id='gallery-8' class='gallery galleryid-45 gallery-columns-3 gallery-size-thumbnail'><figure class='gallery-item'>\n\t\t\t<div class='gallery-icon landscape'>\n\t\t\t\t<a href='https:\/\/rediv.org\/noticias\/wp-content\/uploads\/2022\/04\/Screen-Shot-2022-04-25-at-23.23.46.png'><img loading=\"lazy\" decoding=\"async\" width=\"150\" height=\"150\" src=\"https:\/\/rediv.org\/noticias\/wp-content\/uploads\/2022\/04\/Screen-Shot-2022-04-25-at-23.23.46-150x150.png\" class=\"attachment-thumbnail size-thumbnail\" alt=\"\" srcset=\"https:\/\/rediv.org\/noticias\/wp-content\/uploads\/2022\/04\/Screen-Shot-2022-04-25-at-23.23.46-150x150.png 150w, https:\/\/rediv.org\/noticias\/wp-content\/uploads\/2022\/04\/Screen-Shot-2022-04-25-at-23.23.46-300x300.png 300w, https:\/\/rediv.org\/noticias\/wp-content\/uploads\/2022\/04\/Screen-Shot-2022-04-25-at-23.23.46-768x766.png 768w, https:\/\/rediv.org\/noticias\/wp-content\/uploads\/2022\/04\/Screen-Shot-2022-04-25-at-23.23.46.png 790w\" sizes=\"auto, (max-width: 150px) 100vw, 150px\" \/><\/a>\n\t\t\t<\/div><\/figure><figure class='gallery-item'>\n\t\t\t<div class='gallery-icon landscape'>\n\t\t\t\t<a href='https:\/\/rediv.org\/noticias\/wp-content\/uploads\/2022\/04\/Screen-Shot-2022-04-25-at-23.24.04.png'><img loading=\"lazy\" decoding=\"async\" width=\"150\" height=\"150\" src=\"https:\/\/rediv.org\/noticias\/wp-content\/uploads\/2022\/04\/Screen-Shot-2022-04-25-at-23.24.04-150x150.png\" class=\"attachment-thumbnail size-thumbnail\" alt=\"\" srcset=\"https:\/\/rediv.org\/noticias\/wp-content\/uploads\/2022\/04\/Screen-Shot-2022-04-25-at-23.24.04-150x150.png 150w, https:\/\/rediv.org\/noticias\/wp-content\/uploads\/2022\/04\/Screen-Shot-2022-04-25-at-23.24.04-300x300.png 300w, https:\/\/rediv.org\/noticias\/wp-content\/uploads\/2022\/04\/Screen-Shot-2022-04-25-at-23.24.04-768x766.png 768w, https:\/\/rediv.org\/noticias\/wp-content\/uploads\/2022\/04\/Screen-Shot-2022-04-25-at-23.24.04.png 795w\" sizes=\"auto, (max-width: 150px) 100vw, 150px\" \/><\/a>\n\t\t\t<\/div><\/figure><figure class='gallery-item'>\n\t\t\t<div class='gallery-icon portrait'>\n\t\t\t\t<a href='https:\/\/rediv.org\/noticias\/wp-content\/uploads\/2022\/04\/Screen-Shot-2022-04-25-at-23.24.15.png'><img loading=\"lazy\" decoding=\"async\" width=\"150\" height=\"150\" src=\"https:\/\/rediv.org\/noticias\/wp-content\/uploads\/2022\/04\/Screen-Shot-2022-04-25-at-23.24.15-150x150.png\" class=\"attachment-thumbnail size-thumbnail\" alt=\"\" srcset=\"https:\/\/rediv.org\/noticias\/wp-content\/uploads\/2022\/04\/Screen-Shot-2022-04-25-at-23.24.15-150x150.png 150w, https:\/\/rediv.org\/noticias\/wp-content\/uploads\/2022\/04\/Screen-Shot-2022-04-25-at-23.24.15-300x300.png 300w, https:\/\/rediv.org\/noticias\/wp-content\/uploads\/2022\/04\/Screen-Shot-2022-04-25-at-23.24.15-768x771.png 768w, https:\/\/rediv.org\/noticias\/wp-content\/uploads\/2022\/04\/Screen-Shot-2022-04-25-at-23.24.15.png 792w\" sizes=\"auto, (max-width: 150px) 100vw, 150px\" \/><\/a>\n\t\t\t<\/div><\/figure>\n\t\t<\/div>\n\n<p><span style=\"font-weight: 400;\">Abierta durante tres di\u0301as: del 29 de abril a 1 de mayo.<\/span><\/p>\n<p><span style=\"font-weight: 400;\">FIVER (Festival de Cine, Danza y Nuevos Medios), \u201cLa mirada de ellas. 10 a\u00f1os de cine danza en Espa\u00f1a\u201d, comisariado por Samuel Retortillo,\u00a0 presenta obras finalistas entre los a\u00f1os 2012 y 2021.<\/span><\/p>\n<p><span style=\"font-weight: 400;\">Liga de acceso a la muestr<\/span><span style=\"font-weight: 400;\">a: <\/span><span style=\"font-weight: 400;\">https:\/\/vimeo.com\/showcase\/7687082<\/span><\/p>\n<p><span style=\"font-weight: 400;\">OBRAS\u00a0<\/span><\/p>\n<p><span style=\"font-weight: 400;\">&#8211;<\/span><b>Atma<\/b><span style=\"font-weight: 400;\"> \/ Carla Subirana \/ 9 min \/ Espa\u00f1a \/ 2016 \/ Premio Nacional en los premios Fiver 2017.<\/span><\/p>\n<p><span style=\"font-weight: 400;\">&#8211;<\/span><b>Caballo negro<\/b><span style=\"font-weight: 400;\"> \/ T<\/span><span style=\"font-weight: 400;\">uix\u00e9n Benet \/ 4 min \/ Espa\u00f1a \/ 2013 \/ Finalista en los premios Fiver 2014.<\/span><\/p>\n<p><span style=\"font-weight: 400;\">&#8211;<\/span><b>Da Mopa<\/b><span style=\"font-weight: 400;\">, sevillanas electr\u00f3nicas \/ Mar\u00eda Teresa Garc\u00eda \/ 4 min \/ Espa\u00f1a \/ 2017 \/ Premio Nacional en los premios Fiver 2018.<\/span><\/p>\n<p><span style=\"font-weight: 400;\">&#8211;<\/span><b>Europe Endless<\/b><span style=\"font-weight: 400;\"> \/ Ana Cembrero \/ 26 min \/ Espa\u00f1a-B\u00e9lgica \/ 2014 \/ Premio Creaci\u00f3n en los premios Fiver 2015.<\/span><\/p>\n<p><span style=\"font-weight: 400;\">&#8211;<\/span><b>Fuego Lento<\/b><span style=\"font-weight: 400;\"> \/ Elena Castilla \/ 16 min \/ Espa\u00f1a \/ 2015 \/ Premio Mejor documental en los premios Fiver 2016.<\/span><\/p>\n<p><span style=\"font-weight: 400;\">&#8211;<\/span><b>Inside\/Outside<\/b><span style=\"font-weight: 400;\"> \/ Carolina Romillo \/ 5 min \/ Espa\u00f1a-Cuba \/ 2020 \/ Finalista en los premios Fiver 2020.<\/span><\/p>\n<p><span style=\"font-weight: 400;\">&#8211;<\/span><b>Inside, inhabited landscapes<\/b><span style=\"font-weight: 400;\"> \/ Carmen Porras \/ 6 min \/ Espa\u00f1a \/ 2018 \/ Finalista en los premios Fiver 2019.<\/span><\/p>\n<p><span style=\"font-weight: 400;\">&#8211;<\/span><b>Kinxi<\/b><span style=\"font-weight: 400;\"> \/ Sara Font\u00e1n y Clara Tena \/ 3 min \/ Espa\u00f1a \/ 2012 \/ Menci\u00f3n especial en premios Fiver 2013.<\/span><\/p>\n<p><span style=\"font-weight: 400;\">&#8211;<\/span><b>Sinfon\u00eda del cuerpo<\/b><span style=\"font-weight: 400;\"> \/ M\u00f3nica Ruiz van Hattem \/ 15 min \/ Espa\u00f1a-Holanda \/ 2019 \/ Menci\u00f3n especial del jurado en los premios Fiver 2019.<\/span><\/p>\n<p><span style=\"font-weight: 400;\">&#8211;<\/span><b>Vals y rumba<\/b><span style=\"font-weight: 400;\"> \/ Laura Delgado \/ 6 min \/ Espa\u00f1a \/ 2021 \/ Finalista de los premios FIVER 2021.<\/span><\/p>\n<p><span style=\"font-weight: 400;\">Samuel Retortillo &#8211; Espa\u00f1a<\/span><\/p>\n<p><span style=\"font-weight: 400;\">Bailar\u00edn profesional en diversas compa\u00f1\u00edas de danza en Europa.<\/span><\/p>\n<p><span style=\"font-weight: 400;\">Director del festival FIVER, de la Bienal de Artes del Cuerpo Imagen y Movimiento, del festival Margen Danza, del Colectivo Artistas Inflamables a.k.a. CAIN, del Centro Coreogr\u00e1fico de La Rioja y del espacio de residencias de creaci\u00f3n e investigaci\u00f3n &#8211; Arte y Naturaleza CIRVE. Egresado en el M\u00e1ster en Pr\u00e1cticas Esc\u00e9nicas y Cultura Visual Universidad de Castilla-La Mancha y Museo Reina Sof\u00eda y diplomado en la Escuela Superior de Danza de Marsella.<\/span><\/p>\n<p><a href=\"http:\/\/www.fiverdance.com\/\"><span style=\"font-weight: 400;\">http:\/\/www.fiverdance.com<\/span><\/a><\/p>\n","protected":false},"excerpt":{"rendered":"<p>Ver em portugu\u00eas. Durante los cinco d\u00edas que se presenta Danza con REDIV 2022, ofrecemos una amplia muestra de videodanzas que estar\u00e1n abiertas en l\u00ednea y de manera gratuita en nuestro canal de YouTube: https:\/\/www.youtube.com\/c\/REDIV. Cada muestra se estrenar\u00e1 el d\u00eda lunes 25 de abril en diferentes horarios y finalizar\u00e1 el viernes 29 de abril [&hellip;]<\/p>\n","protected":false},"author":1,"featured_media":0,"comment_status":"open","ping_status":"open","sticky":false,"template":"","format":"standard","meta":{"footnotes":""},"categories":[11],"tags":[],"class_list":["post-45","post","type-post","status-publish","format-standard","hentry","category-muestras"],"_links":{"self":[{"href":"https:\/\/rediv.org\/noticias\/wp-json\/wp\/v2\/posts\/45","targetHints":{"allow":["GET"]}}],"collection":[{"href":"https:\/\/rediv.org\/noticias\/wp-json\/wp\/v2\/posts"}],"about":[{"href":"https:\/\/rediv.org\/noticias\/wp-json\/wp\/v2\/types\/post"}],"author":[{"embeddable":true,"href":"https:\/\/rediv.org\/noticias\/wp-json\/wp\/v2\/users\/1"}],"replies":[{"embeddable":true,"href":"https:\/\/rediv.org\/noticias\/wp-json\/wp\/v2\/comments?post=45"}],"version-history":[{"count":6,"href":"https:\/\/rediv.org\/noticias\/wp-json\/wp\/v2\/posts\/45\/revisions"}],"predecessor-version":[{"id":84,"href":"https:\/\/rediv.org\/noticias\/wp-json\/wp\/v2\/posts\/45\/revisions\/84"}],"wp:attachment":[{"href":"https:\/\/rediv.org\/noticias\/wp-json\/wp\/v2\/media?parent=45"}],"wp:term":[{"taxonomy":"category","embeddable":true,"href":"https:\/\/rediv.org\/noticias\/wp-json\/wp\/v2\/categories?post=45"},{"taxonomy":"post_tag","embeddable":true,"href":"https:\/\/rediv.org\/noticias\/wp-json\/wp\/v2\/tags?post=45"}],"curies":[{"name":"wp","href":"https:\/\/api.w.org\/{rel}","templated":true}]}}