{"id":79,"date":"2022-04-26T04:29:18","date_gmt":"2022-04-26T04:29:18","guid":{"rendered":"https:\/\/rediv.org\/noticias\/?p=79"},"modified":"2022-04-26T04:41:46","modified_gmt":"2022-04-26T04:41:46","slug":"mostras-em-danca-com-rediv-2022","status":"publish","type":"post","link":"https:\/\/rediv.org\/noticias\/mostras-em-danca-com-rediv-2022\/","title":{"rendered":"Mostras em Dan\u00e7a com REDIV 2022"},"content":{"rendered":"<p style=\"text-align: right;\"><a href=\"https:\/\/rediv.org\/noticias\/muestras-en-danza-con-rediv-2022\/\">Ver entrada en espa\u00f1ol<\/a>.<\/p>\n<p><span style=\"font-weight: 400;\">Durante os cinco dias de\u00a0 Dan\u00e7a com REDIV 2022, oferecemos uma ampla mostra de videodan\u00e7as que estar\u00e3o abertas em sequ\u00eancia e de maneira gratuita no nosso canal do YouTube: https:\/\/www.youtube.com\/c\/REDIV.\u00a0<\/span><\/p>\n<p><span style=\"font-weight: 400;\">Cada mostra ter\u00e1 sua estreia no dia 25 de abril , segunda-feira, em diferentes hor\u00e1rios e ser\u00e1 finalizada no dia 29 de abril, sexta-feira\u00a0 para encerearmos\u00a0 a Semana de\u00a0 Dan\u00e7a\u00a0 com REDIV.<\/span><\/p>\n<p><span style=\"font-weight: 400;\">Adicionamos mais, a mostra \u00abFiver: O olhar delas. 10 anos de cine dan\u00e7a em Espanha\u00bb, tamb\u00e9m \u00e9 parte da nossa programa\u00e7\u00e3o e estar\u00e1 aberta durante tr\u00eas dias a partir de sexta 29 de abril at\u00e9 dia 01 de maio.<\/span><\/p>\n<p><span style=\"font-weight: 400;\">A continua\u00e7\u00e3o das mostras que formam parte de Dan\u00e7a com Rediv 2022.<\/span><\/p>\n<h3><b>ESTREIA DAS MOSTRAS EM NOSSO CANAL \u00a0 \u00a0 \u00a0 \u00a0 \u00a0 <\/b><span style=\"font-weight: 400;\">\u00a0 \u00a0 \u00a0 \u00a0 \u00a0 \u00a0 \u00a0 \u00a0 \u00a0 \u00a0 \u00a0\u00a0<\/span><\/h3>\n<p><span style=\"font-weight: 400;\">V\u00eda: www.YouTube.com\/c\/REDIV<\/span><\/p>\n<p><span style=\"font-weight: 400;\">Abertas durante 5 dias em nosso canal de 25 a 29 de abril<\/span><\/p>\n<hr \/>\n<ol>\n<li><b> MOSTRA PR\u00caMIOS REDIV 2021<\/b><\/li>\n<\/ol>\n<p><span style=\"font-weight: 400;\">Hor\u00e1rio de estreia:<\/span><\/p>\n<p><span style=\"font-weight: 400;\">10h Costa Rica<\/span><\/p>\n<p><span style=\"font-weight: 400;\">11h Col\u00f4mbia \u2013 Equador &#8211; M\u00e9xico<\/span><\/p>\n<p><span style=\"font-weight: 400;\">12h Bol\u00edvia \u2013 Cuba \u2013 Chile \u2013 Paraguai \u2013 Venezuela<\/span><\/p>\n<p><span style=\"font-weight: 400;\">13h Argentina \u2013 Brasil \u2013 Uruguai<\/span><\/p>\n<p><span style=\"font-weight: 400;\">17h Portugal<\/span><\/p>\n<p><span style=\"font-weight: 400;\">18h Espanha.<\/span><\/p>\n<div id='gallery-1' class='gallery galleryid-79 gallery-columns-3 gallery-size-medium'><figure class='gallery-item'>\n\t\t\t<div class='gallery-icon landscape'>\n\t\t\t\t<a href='https:\/\/rediv.org\/noticias\/wp-content\/uploads\/2022\/04\/Screen-Shot-2022-04-25-at-23.03.22.png'><img loading=\"lazy\" decoding=\"async\" width=\"300\" height=\"300\" src=\"https:\/\/rediv.org\/noticias\/wp-content\/uploads\/2022\/04\/Screen-Shot-2022-04-25-at-23.03.22-300x300.png\" class=\"attachment-medium size-medium\" alt=\"\" srcset=\"https:\/\/rediv.org\/noticias\/wp-content\/uploads\/2022\/04\/Screen-Shot-2022-04-25-at-23.03.22-300x300.png 300w, https:\/\/rediv.org\/noticias\/wp-content\/uploads\/2022\/04\/Screen-Shot-2022-04-25-at-23.03.22-150x150.png 150w, https:\/\/rediv.org\/noticias\/wp-content\/uploads\/2022\/04\/Screen-Shot-2022-04-25-at-23.03.22-768x766.png 768w, https:\/\/rediv.org\/noticias\/wp-content\/uploads\/2022\/04\/Screen-Shot-2022-04-25-at-23.03.22.png 869w\" sizes=\"auto, (max-width: 300px) 100vw, 300px\" \/><\/a>\n\t\t\t<\/div><\/figure><figure class='gallery-item'>\n\t\t\t<div class='gallery-icon portrait'>\n\t\t\t\t<a href='https:\/\/rediv.org\/noticias\/wp-content\/uploads\/2022\/04\/Screen-Shot-2022-04-25-at-23.03.36.png'><img loading=\"lazy\" decoding=\"async\" width=\"300\" height=\"300\" src=\"https:\/\/rediv.org\/noticias\/wp-content\/uploads\/2022\/04\/Screen-Shot-2022-04-25-at-23.03.36-300x300.png\" class=\"attachment-medium size-medium\" alt=\"\" srcset=\"https:\/\/rediv.org\/noticias\/wp-content\/uploads\/2022\/04\/Screen-Shot-2022-04-25-at-23.03.36-300x300.png 300w, https:\/\/rediv.org\/noticias\/wp-content\/uploads\/2022\/04\/Screen-Shot-2022-04-25-at-23.03.36-150x150.png 150w, https:\/\/rediv.org\/noticias\/wp-content\/uploads\/2022\/04\/Screen-Shot-2022-04-25-at-23.03.36-768x769.png 768w, https:\/\/rediv.org\/noticias\/wp-content\/uploads\/2022\/04\/Screen-Shot-2022-04-25-at-23.03.36.png 867w\" sizes=\"auto, (max-width: 300px) 100vw, 300px\" \/><\/a>\n\t\t\t<\/div><\/figure><figure class='gallery-item'>\n\t\t\t<div class='gallery-icon landscape'>\n\t\t\t\t<a href='https:\/\/rediv.org\/noticias\/wp-content\/uploads\/2022\/04\/Programa-MUESTRA-1.jpg'><img loading=\"lazy\" decoding=\"async\" width=\"300\" height=\"300\" src=\"https:\/\/rediv.org\/noticias\/wp-content\/uploads\/2022\/04\/Programa-MUESTRA-1-300x300.jpg\" class=\"attachment-medium size-medium\" alt=\"\" srcset=\"https:\/\/rediv.org\/noticias\/wp-content\/uploads\/2022\/04\/Programa-MUESTRA-1-300x300.jpg 300w, https:\/\/rediv.org\/noticias\/wp-content\/uploads\/2022\/04\/Programa-MUESTRA-1-1024x1024.jpg 1024w, https:\/\/rediv.org\/noticias\/wp-content\/uploads\/2022\/04\/Programa-MUESTRA-1-150x150.jpg 150w, https:\/\/rediv.org\/noticias\/wp-content\/uploads\/2022\/04\/Programa-MUESTRA-1-768x768.jpg 768w, https:\/\/rediv.org\/noticias\/wp-content\/uploads\/2022\/04\/Programa-MUESTRA-1.jpg 1102w\" sizes=\"auto, (max-width: 300px) 100vw, 300px\" \/><\/a>\n\t\t\t<\/div><\/figure>\n\t\t<\/div>\n\n<p><span style=\"font-weight: 400;\">OBRAS:<\/span><\/p>\n<p><b>&#8211; Interludio<\/b><span style=\"font-weight: 400;\"> \/ Clara Silveira \/ 1:48 min \/ Argentina \/ 2020 \/ <\/span><b>MEN\u00c7\u00c3O REDIV <\/b><b>C\u00c1MARA CORPORIZADA 2021.<\/b><span style=\"font-weight: 400;\">\u00a0<\/span><\/p>\n<p><b>&#8211; Insurrei\u00e7\u00e3o<\/b><span style=\"font-weight: 400;\"> \/ Rita de C\u00e1cia Oenning da Silva e Okado do Canal \/ 4:39 min \/ Brasil \/ 2021 \/ <\/span><b>PR\u00caMIO REDIV C\u00c1MARA CORPORIZADA 2021.<\/b><span style=\"font-weight: 400;\">\u00a0<\/span><\/p>\n<p><b>&#8211; En Silencio<\/b><span style=\"font-weight: 400;\"> \/ Dixon Quitian e Soraya Vargas \/ 8 min \/ Col\u00f4mbia \/ <\/span><b>MEN\u00c7\u00c3O REDIV EM VIDEODANZABA 2021.<\/b><span style=\"font-weight: 400;\">\u00a0<\/span><\/p>\n<p><b>&#8211; Trilog\u00eda Pand\u00e9mica: Mutar, Tecnopiel, Coda-Trash<\/b><span style=\"font-weight: 400;\"> \/ Mariana Bellotto, Juan Diego Camacho y Celina Duprat (Grupo GPS) \/ 18:25 min \/ Argentina \/ 2020-2021 \/ <\/span><b>PR\u00caMIO REDIV EM VIDEODANZABA 2021.<\/b><\/p>\n<hr \/>\n<ol start=\"2\">\n<li><b><\/b> <b>MOSTRA UNIVERSIT\u00c1RIA DE VIDEODAN\u00c7A REDIV 2022<\/b><\/li>\n<\/ol>\n<p><b>Programa 1<\/b><\/p>\n<p><span style=\"font-weight: 400;\">Hor\u00e1rio de estreia:\u00a0<\/span><\/p>\n<p><span style=\"font-weight: 400;\">11h Costa Rica<\/span><\/p>\n<p><span style=\"font-weight: 400;\">12h Col\u00f4mbia \u2013 Equador &#8211; M\u00e9xico<\/span><\/p>\n<p><span style=\"font-weight: 400;\">13h Bol\u00edvia \u2013 Cuba \u2013 Chile \u2013 Paraguai &#8211; Venezuela<\/span><\/p>\n<p><span style=\"font-weight: 400;\">14h Argentina \u2013 Brasil &#8211; Uruguai<\/span><\/p>\n<p><span style=\"font-weight: 400;\">18h Portugal<\/span><\/p>\n<p><span style=\"font-weight: 400;\">19h Espanha<\/span><\/p>\n<div id='gallery-2' class='gallery galleryid-79 gallery-columns-3 gallery-size-thumbnail'><figure class='gallery-item'>\n\t\t\t<div class='gallery-icon landscape'>\n\t\t\t\t<a href='https:\/\/rediv.org\/noticias\/muestras-en-danza-con-rediv-2022\/screen-shot-2022-04-25-at-23-09-13\/'><img loading=\"lazy\" decoding=\"async\" width=\"150\" height=\"150\" src=\"https:\/\/rediv.org\/noticias\/wp-content\/uploads\/2022\/04\/Screen-Shot-2022-04-25-at-23.09.13-150x150.png\" class=\"attachment-thumbnail size-thumbnail\" alt=\"\" srcset=\"https:\/\/rediv.org\/noticias\/wp-content\/uploads\/2022\/04\/Screen-Shot-2022-04-25-at-23.09.13-150x150.png 150w, https:\/\/rediv.org\/noticias\/wp-content\/uploads\/2022\/04\/Screen-Shot-2022-04-25-at-23.09.13-300x300.png 300w, https:\/\/rediv.org\/noticias\/wp-content\/uploads\/2022\/04\/Screen-Shot-2022-04-25-at-23.09.13-768x766.png 768w, https:\/\/rediv.org\/noticias\/wp-content\/uploads\/2022\/04\/Screen-Shot-2022-04-25-at-23.09.13.png 792w\" sizes=\"auto, (max-width: 150px) 100vw, 150px\" \/><\/a>\n\t\t\t<\/div><\/figure><figure class='gallery-item'>\n\t\t\t<div class='gallery-icon landscape'>\n\t\t\t\t<a href='https:\/\/rediv.org\/noticias\/muestras-en-danza-con-rediv-2022\/screen-shot-2022-04-25-at-23-09-28\/'><img loading=\"lazy\" decoding=\"async\" width=\"150\" height=\"150\" src=\"https:\/\/rediv.org\/noticias\/wp-content\/uploads\/2022\/04\/Screen-Shot-2022-04-25-at-23.09.28-150x150.png\" class=\"attachment-thumbnail size-thumbnail\" alt=\"\" srcset=\"https:\/\/rediv.org\/noticias\/wp-content\/uploads\/2022\/04\/Screen-Shot-2022-04-25-at-23.09.28-150x150.png 150w, https:\/\/rediv.org\/noticias\/wp-content\/uploads\/2022\/04\/Screen-Shot-2022-04-25-at-23.09.28-300x300.png 300w, https:\/\/rediv.org\/noticias\/wp-content\/uploads\/2022\/04\/Screen-Shot-2022-04-25-at-23.09.28-768x767.png 768w, https:\/\/rediv.org\/noticias\/wp-content\/uploads\/2022\/04\/Screen-Shot-2022-04-25-at-23.09.28.png 792w\" sizes=\"auto, (max-width: 150px) 100vw, 150px\" \/><\/a>\n\t\t\t<\/div><\/figure><figure class='gallery-item'>\n\t\t\t<div class='gallery-icon portrait'>\n\t\t\t\t<a href='https:\/\/rediv.org\/noticias\/muestras-en-danza-con-rediv-2022\/screen-shot-2022-04-25-at-23-09-39\/'><img loading=\"lazy\" decoding=\"async\" width=\"150\" height=\"150\" src=\"https:\/\/rediv.org\/noticias\/wp-content\/uploads\/2022\/04\/Screen-Shot-2022-04-25-at-23.09.39-150x150.png\" class=\"attachment-thumbnail size-thumbnail\" alt=\"\" srcset=\"https:\/\/rediv.org\/noticias\/wp-content\/uploads\/2022\/04\/Screen-Shot-2022-04-25-at-23.09.39-150x150.png 150w, https:\/\/rediv.org\/noticias\/wp-content\/uploads\/2022\/04\/Screen-Shot-2022-04-25-at-23.09.39-300x300.png 300w, https:\/\/rediv.org\/noticias\/wp-content\/uploads\/2022\/04\/Screen-Shot-2022-04-25-at-23.09.39-768x770.png 768w, https:\/\/rediv.org\/noticias\/wp-content\/uploads\/2022\/04\/Screen-Shot-2022-04-25-at-23.09.39.png 793w\" sizes=\"auto, (max-width: 150px) 100vw, 150px\" \/><\/a>\n\t\t\t<\/div><\/figure>\n\t\t<\/div>\n\n<p><strong>OBRAS:<\/strong><\/p>\n<p><span style=\"font-weight: 400;\">1)<\/span> <b>IJO AS\u00c8 ER\u00ca <\/b><span style=\"font-weight: 400;\">\u00a0&#8211; criadores: Janaina Santos, Emerson Coelho e Bel Araujo &#8211; Universidade Cat\u00f3lica de Pernambuco UNICAP\/Brasil.\u00a0<\/span><\/p>\n<p><span style=\"font-weight: 400;\">2)<\/span> <b>Las cosas no tienen un comienzo, simplemente empiezan <\/b><span style=\"font-weight: 400;\">&#8211; creadores: Andrea Pereda Burga, Juan Ignacio Ferreras, Andr\u00e9s Garc\u00eda &#8211; Conservatorio Astor Piazzolla Argentina.\u00a0<\/span><\/p>\n<p><span style=\"font-weight: 400;\">3)<\/span> <b>6x liberdade e seguran\u00e7a <\/b><span style=\"font-weight: 400;\">&#8211; creadores: Kenne Felipe, Jalisson lopes e Kennedy Lucas, Olivia Macedo &#8211; Licenciatura em Dan\u00e7a UFRN Itaj\u00e1\/ Brasil.\u00a0<\/span><\/p>\n<p><span style=\"font-weight: 400;\">4)<\/span> <b>Metamorfo<\/b><span style=\"font-weight: 400;\"> &#8211; creador: Jan Marceau &#8211; Universidad Nacional Medell\u00edn \/Colombia.\u00a0<\/span><span style=\"font-weight: 400;\">\u00a0<\/span><\/p>\n<p><span style=\"font-weight: 400;\">5)<\/span> <b>Rubik&#8217;s <\/b><span style=\"font-weight: 400;\">\u00a0&#8211; Criadores: S\u00e2mya de Lima, Matheus Carneiro,\u00a0 Nathan Pereira &#8211; Bacharelado em Dan\u00e7a Universidade Federal do Cear\u00e1 \u2013 UFC, Fortaleza\/ Brasil.\u00a0\u00a0\u00a0<\/span><\/p>\n<p><span style=\"font-weight: 400;\">6)<\/span> <b>CACOSfonia <\/b><span style=\"font-weight: 400;\">\u00a0\u00a0&#8211; Criadores:\u00a0 LALIC Laborat\u00f3rio de Linguagens do Corpo do curso de Dan\u00e7a &#8211;\u00a0 Gabi Lopes e Mariana Trotta, Camila Gonzalez, Flora Bulc\u00e3o, Jacki Karen, Juliana Arantes, Let\u00edcia Morado, Marc\u00edlio Fernandes, Manuella Lavinas\u00a0 &#8211; Universidade Federal do Rio de Janeiro\/ Brasil.\u00a0<\/span><\/p>\n<p><span style=\"font-weight: 400;\">7)<\/span> <b>Latidos \u2013 (heart beats) <\/b><span style=\"font-weight: 400;\">&#8211; Creadores:Todd Carroll, Fiamma Lenzu- Carroll, Anabella Lenzu, Geoff Gersh &#8211; New York University, School of Visual Arts and Wagner College Estados Unidos.\u00a0<\/span><\/p>\n<p><span style=\"font-weight: 400;\">8)<\/span> <b>DES- APEGO<\/b><span style=\"font-weight: 400;\"> &#8211; Creadores: Cervin Maria, Falc\u00f3n Jos\u00e9 Ignacio, Lucrecia Milagros Yaccuzzi, Peralta, Luciana Mariel &#8211; Universidad Nacional del Nordeste- Facultad de Artes, Dise\u00f1o y Ciencias de la Cultura &#8211; Licenciatura en Artes Combinadas &#8211; Resistencia, Chaco Argentina.\u00a0<\/span><\/p>\n<p><span style=\"font-weight: 400;\">9)<\/span> <b>Dimensi\u00f3n Zambact &#8211;<\/b><span style=\"font-weight: 400;\"> Creadores: In\u00e9s Maguna, Guido Wiaggio Vecchione, Ciro Korol, Mart\u00edn Reinoso &#8211; Institutos de Formaci\u00f3n Docente (Ministerio de Educaci\u00f3n) Rosario, Santa Fe\/ Argentina.\u00a0<\/span><\/p>\n<p><span style=\"font-weight: 400;\">10) <\/span><b>Anhelo (Flores a Oxum)-<\/b><span style=\"font-weight: 400;\"> Creadores: Dinah Schonhaut, Dolphin X-Ray, Guido Piotrkowski, Eva Soibelzohn &#8211; Universidad Nacional de La Plata Maestr\u00eda en Comunicaci\u00f3n, Cultura y Educaci\u00f3n Buenos Aires\/ Argentina.<\/span><\/p>\n<hr \/>\n<ol start=\"3\">\n<li><b><\/b> <b>MOSTRA UNIVERSIT\u00c1RIA DE VIDEODAN\u00c7A REDIV 2022<\/b><\/li>\n<\/ol>\n<p><b>Programa 2<\/b><\/p>\n<p><span style=\"font-weight: 400;\">Hor\u00e1rio de estreia:<\/span><\/p>\n<p><span style=\"font-weight: 400;\">11:30h Costa Rica<\/span><\/p>\n<p><span style=\"font-weight: 400;\">12:30h Col\u00f4mbia \u2013 Equador \u2013 M\u00e9xico<\/span><\/p>\n<p><span style=\"font-weight: 400;\">13:30h Bol\u00edvia \u2013 Cuba \u2013 Chile \u2013 Paraguai -Venezuela<\/span><\/p>\n<p><span style=\"font-weight: 400;\">14:30h Argentina \u2013 Brasil \u2013 Uruguai\u00a0<\/span><\/p>\n<p><span style=\"font-weight: 400;\">18:30h Portugal<\/span><\/p>\n<p><span style=\"font-weight: 400;\">19:30h Espanha. <\/span><\/p>\n<div id='gallery-3' class='gallery galleryid-79 gallery-columns-3 gallery-size-thumbnail'><figure class='gallery-item'>\n\t\t\t<div class='gallery-icon landscape'>\n\t\t\t\t<a href='https:\/\/rediv.org\/noticias\/muestras-en-danza-con-rediv-2022\/screen-shot-2022-04-25-at-23-11-28\/'><img loading=\"lazy\" decoding=\"async\" width=\"150\" height=\"150\" src=\"https:\/\/rediv.org\/noticias\/wp-content\/uploads\/2022\/04\/Screen-Shot-2022-04-25-at-23.11.28-150x150.png\" class=\"attachment-thumbnail size-thumbnail\" alt=\"\" srcset=\"https:\/\/rediv.org\/noticias\/wp-content\/uploads\/2022\/04\/Screen-Shot-2022-04-25-at-23.11.28-150x150.png 150w, https:\/\/rediv.org\/noticias\/wp-content\/uploads\/2022\/04\/Screen-Shot-2022-04-25-at-23.11.28-300x300.png 300w, https:\/\/rediv.org\/noticias\/wp-content\/uploads\/2022\/04\/Screen-Shot-2022-04-25-at-23.11.28-768x766.png 768w, https:\/\/rediv.org\/noticias\/wp-content\/uploads\/2022\/04\/Screen-Shot-2022-04-25-at-23.11.28.png 792w\" sizes=\"auto, (max-width: 150px) 100vw, 150px\" \/><\/a>\n\t\t\t<\/div><\/figure><figure class='gallery-item'>\n\t\t\t<div class='gallery-icon landscape'>\n\t\t\t\t<a href='https:\/\/rediv.org\/noticias\/muestras-en-danza-con-rediv-2022\/screen-shot-2022-04-25-at-23-11-43\/'><img loading=\"lazy\" decoding=\"async\" width=\"150\" height=\"150\" src=\"https:\/\/rediv.org\/noticias\/wp-content\/uploads\/2022\/04\/Screen-Shot-2022-04-25-at-23.11.43-150x150.png\" class=\"attachment-thumbnail size-thumbnail\" alt=\"\" srcset=\"https:\/\/rediv.org\/noticias\/wp-content\/uploads\/2022\/04\/Screen-Shot-2022-04-25-at-23.11.43-150x150.png 150w, https:\/\/rediv.org\/noticias\/wp-content\/uploads\/2022\/04\/Screen-Shot-2022-04-25-at-23.11.43-300x300.png 300w, https:\/\/rediv.org\/noticias\/wp-content\/uploads\/2022\/04\/Screen-Shot-2022-04-25-at-23.11.43-768x768.png 768w, https:\/\/rediv.org\/noticias\/wp-content\/uploads\/2022\/04\/Screen-Shot-2022-04-25-at-23.11.43.png 793w\" sizes=\"auto, (max-width: 150px) 100vw, 150px\" \/><\/a>\n\t\t\t<\/div><\/figure><figure class='gallery-item'>\n\t\t\t<div class='gallery-icon portrait'>\n\t\t\t\t<a href='https:\/\/rediv.org\/noticias\/muestras-en-danza-con-rediv-2022\/screen-shot-2022-04-25-at-23-11-56\/'><img loading=\"lazy\" decoding=\"async\" width=\"150\" height=\"150\" src=\"https:\/\/rediv.org\/noticias\/wp-content\/uploads\/2022\/04\/Screen-Shot-2022-04-25-at-23.11.56-150x150.png\" class=\"attachment-thumbnail size-thumbnail\" alt=\"\" srcset=\"https:\/\/rediv.org\/noticias\/wp-content\/uploads\/2022\/04\/Screen-Shot-2022-04-25-at-23.11.56-150x150.png 150w, https:\/\/rediv.org\/noticias\/wp-content\/uploads\/2022\/04\/Screen-Shot-2022-04-25-at-23.11.56-298x300.png 298w, https:\/\/rediv.org\/noticias\/wp-content\/uploads\/2022\/04\/Screen-Shot-2022-04-25-at-23.11.56-768x772.png 768w, https:\/\/rediv.org\/noticias\/wp-content\/uploads\/2022\/04\/Screen-Shot-2022-04-25-at-23.11.56.png 792w\" sizes=\"auto, (max-width: 150px) 100vw, 150px\" \/><\/a>\n\t\t\t<\/div><\/figure>\n\t\t<\/div>\n\n<p><span style=\"font-weight: 400;\">OBRAS:<\/span><\/p>\n<p><span style=\"font-weight: 400;\">11)<\/span><b> LA TRAMPA &#8211; <\/b><span style=\"font-weight: 400;\">Criadores: Facundo Aguilar, Irupe Montiel, Luc\u00eda Girardi, Maria Emilia Gette, Magdalena Benitez, Paula Fern\u00e1ndez Ruiz, Rebeca Stragazzi, Sofia Lopez Bravo, Victoria Vides, Luc\u00eda Rivarola, Micaela Ort\u00edz, Lucas C\u00f3rdova, Emilia Vera C\u00f3rdoba, Carla Minteguiaga, Quio Binetti, David Se\u00f1oran, Jos\u00e9 Binetti, Carolina Scaglione Florencia Petersen, Micaela Almeida Producci\u00f3n Gonzalo Bao Noelia Di Laura Agustina Amorena, Romina Bisignano Juli Jons Milagros Castro &#8211; Companhia Universit\u00e1ria de Dan\u00e7a da Escola de Arte e Patrim\u00f4nio da Universidade Nacional de San Martin, Cidade Aut\u00f4noma de Buenos Aires, Argentina.\u00a0<\/span><\/p>\n<p><span style=\"font-weight: 400;\">12) <\/span><b>SILENCIO <\/b><span style=\"font-weight: 400;\">&#8211; Criadores: Yaneth Mes\u00edas Bola\u00f1os, Natalia Cediel, Catalina Marquez, Juliana Botero, Valentina Truque, Sebastian Valencia, Yaneth Mes\u00edas &#8211; Universidade Aut\u00f4noma de Ocidente de Cali, Col\u00f4mbia.\u00a0<\/span><\/p>\n<p><span style=\"font-weight: 400;\">13)<\/span><b> Acolhimento de um corpo que menstrua<\/b><span style=\"font-weight: 400;\"> &#8211; Criadores: La\u00eds Otavio, S\u00f3crates Roberto Fusinato e Mayara Tel\u00f3 Panzera, La\u00eds Otavio, Jeraldi Hiroki e Zil\u00e1 Muniz &#8211; Licenciatura em Teatro da UDESC, Florian\u00f3polis, Brasil.\u00a0<\/span><\/p>\n<p><span style=\"font-weight: 400;\">14) <\/span><b>2021: Meu Presente<\/b><span style=\"font-weight: 400;\"> &#8211; Criadores: Marcelle Pessanha, Juliana Kis, Pam de Brito, Nayane Fernandes, Alessandro Pires, Karine Aguiar, Yuri Ribeiro &#8211; Centro Universit\u00e1rio da Cidade do Rio de Janeiro \u2013 UniverCIDADE, Volta Redonda, Brasil.\u00a0<\/span><\/p>\n<p><span style=\"font-weight: 400;\">15) <\/span><b>PENDENTES &#8211; <\/b><span style=\"font-weight: 400;\">Criadores: Isabela Lueders; Jeraldi Hiroki; Luiza G\u00f3es &#8211; Licenciatura em Teatro da Universidade do Estado de Santa Catarina, Florian\u00f3polis, Brasil.\u00a0<\/span><\/p>\n<p><span style=\"font-weight: 400;\">16) <\/span><b>Flanar <\/b><span style=\"font-weight: 400;\">&#8211; Criadores: J\u00fanior Mendes, Jo\u00e3o Pedro C\u00edcero, R\u00f4mulo Santos, David Le\u00e3o &#8211; Curso de Cinema da Universidade Federal do Cear\u00e1 (UFC), Fortaleza, Brasil. <\/span><\/p>\n<hr \/>\n<ol start=\"4\">\n<li><b><\/b> <b>MOSTRA UNIVERSIT\u00c1RIA DE VIDEODAN\u00c7A REDIV 2022<\/b><\/li>\n<\/ol>\n<p><b>Programa 3<\/b><\/p>\n<p><span style=\"font-weight: 400;\">Hor\u00e1rio de estreia:<\/span><\/p>\n<p><span style=\"font-weight: 400;\">12h Costa Rica<\/span><\/p>\n<p><span style=\"font-weight: 400;\">13h Col\u00f4mbia \u2013 Equador \u2013 M\u00e9xico<\/span><\/p>\n<p><span style=\"font-weight: 400;\">14h Bol\u00edvia \u2013 Cuba \u2013 Chile \u2013 Paraguai \u2013 Venezuela<\/span><\/p>\n<p><span style=\"font-weight: 400;\">15h Argentina \u2013 Brasil \u2013 Uruguai<\/span><\/p>\n<p><span style=\"font-weight: 400;\">19h Portugal<\/span><\/p>\n<p><span style=\"font-weight: 400;\">20h Espanha<\/span><\/p>\n<div id='gallery-4' class='gallery galleryid-79 gallery-columns-3 gallery-size-thumbnail'><figure class='gallery-item'>\n\t\t\t<div class='gallery-icon portrait'>\n\t\t\t\t<a href='https:\/\/rediv.org\/noticias\/muestras-en-danza-con-rediv-2022\/screen-shot-2022-04-25-at-23-14-42\/'><img loading=\"lazy\" decoding=\"async\" width=\"150\" height=\"150\" src=\"https:\/\/rediv.org\/noticias\/wp-content\/uploads\/2022\/04\/Screen-Shot-2022-04-25-at-23.14.42-150x150.png\" class=\"attachment-thumbnail size-thumbnail\" alt=\"\" srcset=\"https:\/\/rediv.org\/noticias\/wp-content\/uploads\/2022\/04\/Screen-Shot-2022-04-25-at-23.14.42-150x150.png 150w, https:\/\/rediv.org\/noticias\/wp-content\/uploads\/2022\/04\/Screen-Shot-2022-04-25-at-23.14.42-300x300.png 300w, https:\/\/rediv.org\/noticias\/wp-content\/uploads\/2022\/04\/Screen-Shot-2022-04-25-at-23.14.42-768x769.png 768w, https:\/\/rediv.org\/noticias\/wp-content\/uploads\/2022\/04\/Screen-Shot-2022-04-25-at-23.14.42.png 792w\" sizes=\"auto, (max-width: 150px) 100vw, 150px\" \/><\/a>\n\t\t\t<\/div><\/figure><figure class='gallery-item'>\n\t\t\t<div class='gallery-icon landscape'>\n\t\t\t\t<a href='https:\/\/rediv.org\/noticias\/muestras-en-danza-con-rediv-2022\/screen-shot-2022-04-25-at-23-14-52\/'><img loading=\"lazy\" decoding=\"async\" width=\"150\" height=\"150\" src=\"https:\/\/rediv.org\/noticias\/wp-content\/uploads\/2022\/04\/Screen-Shot-2022-04-25-at-23.14.52-150x150.png\" class=\"attachment-thumbnail size-thumbnail\" alt=\"\" srcset=\"https:\/\/rediv.org\/noticias\/wp-content\/uploads\/2022\/04\/Screen-Shot-2022-04-25-at-23.14.52-150x150.png 150w, https:\/\/rediv.org\/noticias\/wp-content\/uploads\/2022\/04\/Screen-Shot-2022-04-25-at-23.14.52-300x300.png 300w, https:\/\/rediv.org\/noticias\/wp-content\/uploads\/2022\/04\/Screen-Shot-2022-04-25-at-23.14.52-768x767.png 768w, https:\/\/rediv.org\/noticias\/wp-content\/uploads\/2022\/04\/Screen-Shot-2022-04-25-at-23.14.52.png 793w\" sizes=\"auto, (max-width: 150px) 100vw, 150px\" \/><\/a>\n\t\t\t<\/div><\/figure><figure class='gallery-item'>\n\t\t\t<div class='gallery-icon landscape'>\n\t\t\t\t<a href='https:\/\/rediv.org\/noticias\/muestras-en-danza-con-rediv-2022\/screen-shot-2022-04-25-at-23-15-04\/'><img loading=\"lazy\" decoding=\"async\" width=\"150\" height=\"150\" src=\"https:\/\/rediv.org\/noticias\/wp-content\/uploads\/2022\/04\/Screen-Shot-2022-04-25-at-23.15.04-150x150.png\" class=\"attachment-thumbnail size-thumbnail\" alt=\"\" srcset=\"https:\/\/rediv.org\/noticias\/wp-content\/uploads\/2022\/04\/Screen-Shot-2022-04-25-at-23.15.04-150x150.png 150w, https:\/\/rediv.org\/noticias\/wp-content\/uploads\/2022\/04\/Screen-Shot-2022-04-25-at-23.15.04-300x300.png 300w, https:\/\/rediv.org\/noticias\/wp-content\/uploads\/2022\/04\/Screen-Shot-2022-04-25-at-23.15.04-768x766.png 768w, https:\/\/rediv.org\/noticias\/wp-content\/uploads\/2022\/04\/Screen-Shot-2022-04-25-at-23.15.04.png 793w\" sizes=\"auto, (max-width: 150px) 100vw, 150px\" \/><\/a>\n\t\t\t<\/div><\/figure>\n\t\t<\/div>\n\n<p><strong>OBRAS:<\/strong><\/p>\n<p><span style=\"font-weight: 400;\">17) <\/span><b>CORPO CONCRETO <\/b><span style=\"font-weight: 400;\">&#8211; Criadores: Jo\u00e3o Pedro, Suzana Figueira, R\u00f4mulo Santos, Francisco Moura, J\u00fanior Mendes, David Francisco Rocha Lea\u0303o &#8211; Curso de Dan\u00e7a da Universidade Federal do Cear\u00e1 Fortaleza\/ Brasil.\u00a0<\/span><\/p>\n<p><span style=\"font-weight: 400;\">18)<\/span><b> Isolado &#8211; <\/b><span style=\"font-weight: 400;\">Criadores: Oscar Malta e Ivaldo Mendon\u00e7a &#8211; UPorto\/UFPE &#8211; DAP- Doutorado em Artes Pl\u00e1sticas do Porto Portugal\/Brasil.\u00a0<\/span><\/p>\n<p><span style=\"font-weight: 400;\">19)<\/span><b> Irevirvendo &#8211; <\/b><span style=\"font-weight: 400;\">Criadores: Cec\u00edlia Resende, Mariana Mendes, Mariani Resende,\u00a0 L\u00e9tz Pinheiro, Vivian Barbosa, Alexis F.S. e Lucio Pereira &#8211; Bacharelado em Dan\u00e7a &#8211; Universidade Federal de Uberl\u00e2ndia Dan\u00e7a\u00a0 Uberl\u00e2ndia \u2013 MG\/ Brasil.\u00a0<\/span><\/p>\n<p><span style=\"font-weight: 400;\">20) <\/span><b>Sandbox &#8211;<\/b><span style=\"font-weight: 400;\"> Criadores: Diogo Angeli, Eduardo Pereira &#8211; Doutorado em artes da cena Unicamp -Campinas-SP\/ Brasil.\u00a0<\/span><\/p>\n<p><span style=\"font-weight: 400;\">21)\u00a0 <\/span><b>Pequenos desvios para mover <\/b><span style=\"font-weight: 400;\">&#8211;\u00a0 Criadores: Catharina Gl\u00f3ria e Kalu\u00e3 Leone &#8211; Curso de Dan\u00e7a da Universidade Estadual de Campinas \u2013 UNICAMP\/SP &#8211; Brasil.\u00a0<\/span><\/p>\n<p><span style=\"font-weight: 400;\">22)<\/span><b> Cuerpos Emergentes<\/b><span style=\"font-weight: 400;\"> &#8211; <\/span><b>Microrrelatos dos<\/b><span style=\"font-weight: 400;\"> &#8211; Creadores: producci\u00f3n conjunta entre la c\u00e1tedra del UDI Videodanza y el\u00a0 Elenco de Pr\u00e1cticas Esc\u00e9nicas \u2013 Expresi\u00f3n Corporal\u00a0 &#8211;\u00a0 Instituto Superior Provincial de Danzas N 5929 Isabel Taboga &#8211; Rosario (Santa Fe)\/ Argentina.<\/span><\/p>\n<hr \/>\n<ol start=\"5\">\n<li><b><\/b> <b>MOSTRA UNIVERSIT\u00c1RIA DE VIDEODAN\u00c7A REDIV 2022<\/b><\/li>\n<\/ol>\n<p><b>Programa 4<\/b><\/p>\n<p><span style=\"font-weight: 400;\">Hor\u00e1rio de estreia:\u00a0\u00a0<\/span><\/p>\n<p><span style=\"font-weight: 400;\">12:30h Costa Rica<\/span><\/p>\n<p><span style=\"font-weight: 400;\">13:30h Col\u00f4mbia \u2013 Equador &#8211; M\u00e9xico<\/span><\/p>\n<p><span style=\"font-weight: 400;\">14:30h Bol\u00edvia \u2013 Cuba \u2013 Chile \u2013 Paraguai &#8211; Venezuela<\/span><\/p>\n<p><span style=\"font-weight: 400;\">15:30h Argentina \u2013 Brasil \u2013 Uruguai<\/span><\/p>\n<p><span style=\"font-weight: 400;\">19:30h Portugal<\/span><\/p>\n<p><span style=\"font-weight: 400;\">20:30h Espanha<\/span><\/p>\n<div id='gallery-5' class='gallery galleryid-79 gallery-columns-3 gallery-size-thumbnail'><figure class='gallery-item'>\n\t\t\t<div class='gallery-icon landscape'>\n\t\t\t\t<a href='https:\/\/rediv.org\/noticias\/muestras-en-danza-con-rediv-2022\/screen-shot-2022-04-25-at-23-16-08\/'><img loading=\"lazy\" decoding=\"async\" width=\"150\" height=\"150\" src=\"https:\/\/rediv.org\/noticias\/wp-content\/uploads\/2022\/04\/Screen-Shot-2022-04-25-at-23.16.08-150x150.png\" class=\"attachment-thumbnail size-thumbnail\" alt=\"\" srcset=\"https:\/\/rediv.org\/noticias\/wp-content\/uploads\/2022\/04\/Screen-Shot-2022-04-25-at-23.16.08-150x150.png 150w, https:\/\/rediv.org\/noticias\/wp-content\/uploads\/2022\/04\/Screen-Shot-2022-04-25-at-23.16.08-300x300.png 300w, https:\/\/rediv.org\/noticias\/wp-content\/uploads\/2022\/04\/Screen-Shot-2022-04-25-at-23.16.08-768x768.png 768w, https:\/\/rediv.org\/noticias\/wp-content\/uploads\/2022\/04\/Screen-Shot-2022-04-25-at-23.16.08.png 793w\" sizes=\"auto, (max-width: 150px) 100vw, 150px\" \/><\/a>\n\t\t\t<\/div><\/figure><figure class='gallery-item'>\n\t\t\t<div class='gallery-icon portrait'>\n\t\t\t\t<a href='https:\/\/rediv.org\/noticias\/muestras-en-danza-con-rediv-2022\/screen-shot-2022-04-25-at-23-16-18\/'><img loading=\"lazy\" decoding=\"async\" width=\"150\" height=\"150\" src=\"https:\/\/rediv.org\/noticias\/wp-content\/uploads\/2022\/04\/Screen-Shot-2022-04-25-at-23.16.18-150x150.png\" class=\"attachment-thumbnail size-thumbnail\" alt=\"\" srcset=\"https:\/\/rediv.org\/noticias\/wp-content\/uploads\/2022\/04\/Screen-Shot-2022-04-25-at-23.16.18-150x150.png 150w, https:\/\/rediv.org\/noticias\/wp-content\/uploads\/2022\/04\/Screen-Shot-2022-04-25-at-23.16.18-300x300.png 300w, https:\/\/rediv.org\/noticias\/wp-content\/uploads\/2022\/04\/Screen-Shot-2022-04-25-at-23.16.18-768x769.png 768w, https:\/\/rediv.org\/noticias\/wp-content\/uploads\/2022\/04\/Screen-Shot-2022-04-25-at-23.16.18.png 792w\" sizes=\"auto, (max-width: 150px) 100vw, 150px\" \/><\/a>\n\t\t\t<\/div><\/figure><figure class='gallery-item'>\n\t\t\t<div class='gallery-icon portrait'>\n\t\t\t\t<a href='https:\/\/rediv.org\/noticias\/muestras-en-danza-con-rediv-2022\/screen-shot-2022-04-25-at-23-16-28\/'><img loading=\"lazy\" decoding=\"async\" width=\"150\" height=\"150\" src=\"https:\/\/rediv.org\/noticias\/wp-content\/uploads\/2022\/04\/Screen-Shot-2022-04-25-at-23.16.28-150x150.png\" class=\"attachment-thumbnail size-thumbnail\" alt=\"\" srcset=\"https:\/\/rediv.org\/noticias\/wp-content\/uploads\/2022\/04\/Screen-Shot-2022-04-25-at-23.16.28-150x150.png 150w, https:\/\/rediv.org\/noticias\/wp-content\/uploads\/2022\/04\/Screen-Shot-2022-04-25-at-23.16.28-300x300.png 300w, https:\/\/rediv.org\/noticias\/wp-content\/uploads\/2022\/04\/Screen-Shot-2022-04-25-at-23.16.28-768x770.png 768w, https:\/\/rediv.org\/noticias\/wp-content\/uploads\/2022\/04\/Screen-Shot-2022-04-25-at-23.16.28.png 794w\" sizes=\"auto, (max-width: 150px) 100vw, 150px\" \/><\/a>\n\t\t\t<\/div><\/figure>\n\t\t<\/div>\n\n<p><strong>OBRAS<\/strong><span style=\"font-weight: 400;\">:<\/span><\/p>\n<p><span style=\"font-weight: 400;\">23) <\/span><b>SAQ&#8217;RA SUPAY&#8230;con el cuerpo endiablado\u00a0 <\/b><span style=\"font-weight: 400;\">&#8211; Creadores: Mart\u00edn Esquivel Viveros, Elisa Portela\u00a0 &#8211; Universidad Nacional de Jujuy Antropolog\u00eda Humahuaca, Jujuy\/ Argentina.\u00a0<\/span><\/p>\n<p><span style=\"font-weight: 400;\">24) <\/span><b>Oito Varia\u00e7\u00f5es <\/b><span style=\"font-weight: 400;\">&#8211; Criadores: Alicy Ferreira, Ana Crisley, Ana Gabriela, Ana Karla, Ana Lara, Ana Luizy, Deylane Belchior, Gabrielly Vit\u00f3ria, Domitilia Isabely, Iane Elen, Kailany Gon\u00e7alves, Mait\u00ea Ximenes, Maria Eduarda Ara\u00fajo, Maria Eduarda Gomes, Maria Gabrielle, Maria Luisa, Ra\u00edssa Nunes, Saulo Rodrigues, Stella Campelo, Allan Diniz, Brisa Vit\u00f3ria, Dayana Ferreira, Herbeline Holanda, Yuri Vefago &#8211; Universidade Federal do Cear\u00e1 &#8211; UFC\/ Brasil.\u00a0<\/span><\/p>\n<p><span style=\"font-weight: 400;\">25) <\/span><b>Terraza &#8211; <\/b><span style=\"font-weight: 400;\">Creadores: \u00d1uw\u00e1 Paz Montoya y Florencia Rivosecchi,\u00a0 Diego Stocco. Instituto Superior Provincial de Danzas N 5929 \u00abIsabel Taboga\u00bb Rosario, Santa Fe\/ Argentina.\u00a0<\/span><\/p>\n<p><span style=\"font-weight: 400;\">26)<\/span><b> Caixa Branca &#8211; <\/b><span style=\"font-weight: 400;\">Creadores: Indira Br\u00edgido e Eliovaldo Ananias &#8211; <\/span><b>\u00a0<\/b><span style=\"font-weight: 400;\">Universidade Federal do Cear\u00e1 \u2013 Fortaleza\/ Brasil.\u00a0<\/span><\/p>\n<p><span style=\"font-weight: 400;\">27)<\/span><b> Mesheography <\/b><span style=\"font-weight: 400;\">&#8211; Creadores: Mario Fernando Cruz Cardoso &#8211; UNAM ENES Morelia M\u00fasica y Tecnolog\u00eda Art\u00edstica Morelia \/M\u00e9xico.<\/span><\/p>\n<p><span style=\"font-weight: 400;\">28)<\/span><b> C\u00f3mo vivir con mi cuerpo si no lo reconozco &#8211;<\/b><span style=\"font-weight: 400;\"> Creadora: Jaqueline Romero Universidad Nacional del Nordeste &#8211; Facultad de Artes, Dise\u00f1o y Ciencias de la Cultura Resistencia &#8211; Chaco\/ Argentina.<\/span><\/p>\n<hr \/>\n<ol start=\"6\">\n<li><b><\/b> <b>MOSTRA UNIVERSIT\u00c1RIA DE VIDEODAN\u00c7A REDIV 2022<\/b><\/li>\n<\/ol>\n<p><b>LONGAS CONVIDADOS\u00a0<\/b><\/p>\n<p><span style=\"font-weight: 400;\">Hor\u00e1rio de estreia:\u00a0\u00a0\u00a0\u00a0<\/span><\/p>\n<p><span style=\"font-weight: 400;\">13h Costa Rica<\/span><\/p>\n<p><span style=\"font-weight: 400;\">14h Col\u00f4mbia \u2013 Equador &#8211; M\u00e9xico<\/span><\/p>\n<p><span style=\"font-weight: 400;\">15h Bol\u00edvia \u2013 Cuba \u2013 Chile \u2013 Paraguai \u2013 Venezuela\u00a0\u00a0<\/span><\/p>\n<p><span style=\"font-weight: 400;\">16h Argentina \u2013 Brasil \u2013 Uruguai<\/span><\/p>\n<p><span style=\"font-weight: 400;\">20h Portugal<\/span><\/p>\n<p><span style=\"font-weight: 400;\">21h Espanha.\u00a0<\/span><\/p>\n<div id='gallery-6' class='gallery galleryid-79 gallery-columns-3 gallery-size-thumbnail'><figure class='gallery-item'>\n\t\t\t<div class='gallery-icon portrait'>\n\t\t\t\t<a href='https:\/\/rediv.org\/noticias\/muestras-en-danza-con-rediv-2022\/screen-shot-2022-04-25-at-23-18-37\/'><img loading=\"lazy\" decoding=\"async\" width=\"150\" height=\"150\" src=\"https:\/\/rediv.org\/noticias\/wp-content\/uploads\/2022\/04\/Screen-Shot-2022-04-25-at-23.18.37-150x150.png\" class=\"attachment-thumbnail size-thumbnail\" alt=\"\" srcset=\"https:\/\/rediv.org\/noticias\/wp-content\/uploads\/2022\/04\/Screen-Shot-2022-04-25-at-23.18.37-150x150.png 150w, https:\/\/rediv.org\/noticias\/wp-content\/uploads\/2022\/04\/Screen-Shot-2022-04-25-at-23.18.37-300x300.png 300w, https:\/\/rediv.org\/noticias\/wp-content\/uploads\/2022\/04\/Screen-Shot-2022-04-25-at-23.18.37-768x771.png 768w, https:\/\/rediv.org\/noticias\/wp-content\/uploads\/2022\/04\/Screen-Shot-2022-04-25-at-23.18.37.png 793w\" sizes=\"auto, (max-width: 150px) 100vw, 150px\" \/><\/a>\n\t\t\t<\/div><\/figure><figure class='gallery-item'>\n\t\t\t<div class='gallery-icon portrait'>\n\t\t\t\t<a href='https:\/\/rediv.org\/noticias\/muestras-en-danza-con-rediv-2022\/screen-shot-2022-04-25-at-23-18-47\/'><img loading=\"lazy\" decoding=\"async\" width=\"150\" height=\"150\" src=\"https:\/\/rediv.org\/noticias\/wp-content\/uploads\/2022\/04\/Screen-Shot-2022-04-25-at-23.18.47-150x150.png\" class=\"attachment-thumbnail size-thumbnail\" alt=\"\" srcset=\"https:\/\/rediv.org\/noticias\/wp-content\/uploads\/2022\/04\/Screen-Shot-2022-04-25-at-23.18.47-150x150.png 150w, https:\/\/rediv.org\/noticias\/wp-content\/uploads\/2022\/04\/Screen-Shot-2022-04-25-at-23.18.47-300x300.png 300w, https:\/\/rediv.org\/noticias\/wp-content\/uploads\/2022\/04\/Screen-Shot-2022-04-25-at-23.18.47-768x770.png 768w, https:\/\/rediv.org\/noticias\/wp-content\/uploads\/2022\/04\/Screen-Shot-2022-04-25-at-23.18.47.png 793w\" sizes=\"auto, (max-width: 150px) 100vw, 150px\" \/><\/a>\n\t\t\t<\/div><\/figure><figure class='gallery-item'>\n\t\t\t<div class='gallery-icon portrait'>\n\t\t\t\t<a href='https:\/\/rediv.org\/noticias\/muestras-en-danza-con-rediv-2022\/screen-shot-2022-04-25-at-23-18-57\/'><img loading=\"lazy\" decoding=\"async\" width=\"150\" height=\"150\" src=\"https:\/\/rediv.org\/noticias\/wp-content\/uploads\/2022\/04\/Screen-Shot-2022-04-25-at-23.18.57-150x150.png\" class=\"attachment-thumbnail size-thumbnail\" alt=\"\" srcset=\"https:\/\/rediv.org\/noticias\/wp-content\/uploads\/2022\/04\/Screen-Shot-2022-04-25-at-23.18.57-150x150.png 150w, https:\/\/rediv.org\/noticias\/wp-content\/uploads\/2022\/04\/Screen-Shot-2022-04-25-at-23.18.57-300x300.png 300w, https:\/\/rediv.org\/noticias\/wp-content\/uploads\/2022\/04\/Screen-Shot-2022-04-25-at-23.18.57-768x770.png 768w, https:\/\/rediv.org\/noticias\/wp-content\/uploads\/2022\/04\/Screen-Shot-2022-04-25-at-23.18.57.png 793w\" sizes=\"auto, (max-width: 150px) 100vw, 150px\" \/><\/a>\n\t\t\t<\/div><\/figure>\n\t\t<\/div>\n\n<p><span style=\"font-weight: 400;\">OBRA<\/span><span style=\"font-weight: 400;\">:<\/span><\/p>\n<p><span style=\"font-weight: 400;\">1)<\/span> <b>Ox\u00f3ssi &#8211; Orfeu<\/b><span style=\"font-weight: 400;\"> &#8211; Criadores: Carlinhos Freitas, Dayana Ferreira, Herbeline Holanda, Hon\u00f3rio F\u00e9lix, Jana\u00edna Bento, J\u00fanior Meireles, Luisa Bessa, Nayana Castro, Souza Frota, Indira Br\u00edgido, Ariel Volkova, Austin Yip, Rodrigo Viana &#8211; Universidade Federal do Cear\u00e1 \u2013 UFC \u2013 Fortaleza, Brasil.<\/span><\/p>\n<p><span style=\"font-weight: 400;\">Hor\u00e1rio de estreia:\u00a0<\/span><\/p>\n<p><span style=\"font-weight: 400;\">13:30h Costa Rica\u00a0\u00a0<\/span><\/p>\n<p><span style=\"font-weight: 400;\">14:30h Col\u00f4mbia-Equador-M\u00e9xico<\/span><\/p>\n<p><span style=\"font-weight: 400;\">15:30h Bol\u00edvia-Cuba-Chile-Paraguai-Venezuela<\/span><\/p>\n<p><span style=\"font-weight: 400;\">16:30h Argentina-Brasil-Uruguai<\/span><\/p>\n<p><span style=\"font-weight: 400;\">20:30h Portugal<\/span><\/p>\n<p><span style=\"font-weight: 400;\">21:30h Espanha.<\/span><\/p>\n<p>&nbsp;<\/p>\n<p><span style=\"font-weight: 400;\">OBRA:<\/span><\/p>\n<p><span style=\"font-weight: 400;\">2)<\/span> <b>NO SOY UN ROBOT<\/b><span style=\"font-weight: 400;\"> &#8211; Criadores: 2\u00ba e\u00a0 3\u00ba\u00a0 anos da Companhia Universit\u00e1ria de Dan\u00e7a UNSAM e Licenciatura em Cine Documental EAYP &#8211; Escola de Arte e Patrim\u00f4nio da Universidade Nacional de San Mart\u00edn, Argentina.<\/span><\/p>\n<p><span style=\"font-weight: 400;\">Hor\u00e1rio de estreia:\u00a0<\/span><\/p>\n<p><span style=\"font-weight: 400;\">14h Costa Rica<\/span><\/p>\n<p><span style=\"font-weight: 400;\">15h Col\u00f4mbia \u2013 Equador \u2013 M\u00e9xico<\/span><\/p>\n<p><span style=\"font-weight: 400;\">16h Bol\u00edvia \u2013 Cuba \u2013 Chile \u2013 Paraguai \u2013 Venezuela<\/span><\/p>\n<p><span style=\"font-weight: 400;\">17h Argentina \u2013 Brasil \u2013 Uruguai<\/span><\/p>\n<p><span style=\"font-weight: 400;\">21h Portugal<\/span><\/p>\n<p><span style=\"font-weight: 400;\">22h Espanha.<\/span><\/p>\n<p>&nbsp;<\/p>\n<p><span style=\"font-weight: 400;\">OBRA:<\/span><\/p>\n<p><span style=\"font-weight: 400;\">3)<\/span> <b>Zona de vuelo<\/b><span style=\"font-weight: 400;\"> &#8211; Criadores: Companhia de Dan\u00e7a ISBA &#8211; Instituto de Bellas Artes Assun\u00e7\u00e3o, Paraguai.<\/span><\/p>\n<p><span style=\"font-weight: 400;\">Hor\u00e1rio de estreia:\u00a0<\/span><\/p>\n<p><span style=\"font-weight: 400;\">14:30h Costa Rica\u00a0\u00a0<\/span><\/p>\n<p><span style=\"font-weight: 400;\">15:30h Col\u00f4mbia-Equador-M\u00e9xico\u00a0\u00a0<\/span><\/p>\n<p><span style=\"font-weight: 400;\">16:30h Bol\u00edvia-Cuba-Chile-Paraguai-Venezuela\u00a0\u00a0<\/span><\/p>\n<p><span style=\"font-weight: 400;\">17:30h Argentina-Brasil-Uruguai \/<\/span><\/p>\n<p><span style=\"font-weight: 400;\">21:30h Portugal\u00a0\u00a0<\/span><\/p>\n<p><span style=\"font-weight: 400;\">22:30h Espanha.<\/span><\/p>\n<p>&nbsp;<\/p>\n<p><span style=\"font-weight: 400;\">OBRA:<\/span><\/p>\n<p><span style=\"font-weight: 400;\">\u00a0<\/span> <span style=\"font-weight: 400;\">4)<\/span> <b>FRONT-<\/b><span style=\"font-weight: 400;\"> \u00a0 Criadores: Anticorpos &#8211; Investiga\u00e7\u00f5es em Dan\u00e7a &#8211; Universidade Federal de Ouro Preto \/ UFOP, Minas Gerais, Brasil.<\/span><\/p>\n<hr \/>\n<p>&nbsp;<\/p>\n<ol start=\"7\">\n<li><b><\/b> <b>MOSTRA UNIVERSIT\u00c1RIA DE VIDEODAN\u00c7A REDIV 2022<\/b><\/li>\n<\/ol>\n<p><b>INDEPENDENTES<\/b><\/p>\n<p><span style=\"font-weight: 400;\">Hor\u00e1rio de estreia:\u00a0<\/span><\/p>\n<p><span style=\"font-weight: 400;\">15h Costa Rica<\/span><\/p>\n<p><span style=\"font-weight: 400;\">16h Col\u00f4mbia \u2013 Equador \u2013 M\u00e9xico\u00a0\u00a0<\/span><\/p>\n<p><span style=\"font-weight: 400;\">17h Bol\u00edvia \u2013 Cuba \u2013 Chile \u2013 Paraguai &#8211; Venezuela\u00a0\u00a0<\/span><\/p>\n<p><span style=\"font-weight: 400;\">18h Argentina \u2013 Brasil \u2013 Uruguai<\/span><\/p>\n<p><span style=\"font-weight: 400;\">22h Portugal<\/span><\/p>\n<p><span style=\"font-weight: 400;\">23h Espanha.<\/span><\/p>\n<div id='gallery-7' class='gallery galleryid-79 gallery-columns-3 gallery-size-thumbnail'><figure class='gallery-item'>\n\t\t\t<div class='gallery-icon landscape'>\n\t\t\t\t<a href='https:\/\/rediv.org\/noticias\/wp-content\/uploads\/2022\/04\/Screen-Shot-2022-04-25-at-23.22.17.png'><img loading=\"lazy\" decoding=\"async\" width=\"150\" height=\"150\" src=\"https:\/\/rediv.org\/noticias\/wp-content\/uploads\/2022\/04\/Screen-Shot-2022-04-25-at-23.22.17-150x150.png\" class=\"attachment-thumbnail size-thumbnail\" alt=\"\" srcset=\"https:\/\/rediv.org\/noticias\/wp-content\/uploads\/2022\/04\/Screen-Shot-2022-04-25-at-23.22.17-150x150.png 150w, https:\/\/rediv.org\/noticias\/wp-content\/uploads\/2022\/04\/Screen-Shot-2022-04-25-at-23.22.17-300x298.png 300w, https:\/\/rediv.org\/noticias\/wp-content\/uploads\/2022\/04\/Screen-Shot-2022-04-25-at-23.22.17-768x762.png 768w, https:\/\/rediv.org\/noticias\/wp-content\/uploads\/2022\/04\/Screen-Shot-2022-04-25-at-23.22.17.png 791w\" sizes=\"auto, (max-width: 150px) 100vw, 150px\" \/><\/a>\n\t\t\t<\/div><\/figure><figure class='gallery-item'>\n\t\t\t<div class='gallery-icon landscape'>\n\t\t\t\t<a href='https:\/\/rediv.org\/noticias\/wp-content\/uploads\/2022\/04\/Screen-Shot-2022-04-25-at-23.22.10.png'><img loading=\"lazy\" decoding=\"async\" width=\"150\" height=\"150\" src=\"https:\/\/rediv.org\/noticias\/wp-content\/uploads\/2022\/04\/Screen-Shot-2022-04-25-at-23.22.10-150x150.png\" class=\"attachment-thumbnail size-thumbnail\" alt=\"\" srcset=\"https:\/\/rediv.org\/noticias\/wp-content\/uploads\/2022\/04\/Screen-Shot-2022-04-25-at-23.22.10-150x150.png 150w, https:\/\/rediv.org\/noticias\/wp-content\/uploads\/2022\/04\/Screen-Shot-2022-04-25-at-23.22.10-300x300.png 300w, https:\/\/rediv.org\/noticias\/wp-content\/uploads\/2022\/04\/Screen-Shot-2022-04-25-at-23.22.10-768x767.png 768w, https:\/\/rediv.org\/noticias\/wp-content\/uploads\/2022\/04\/Screen-Shot-2022-04-25-at-23.22.10.png 790w\" sizes=\"auto, (max-width: 150px) 100vw, 150px\" \/><\/a>\n\t\t\t<\/div><\/figure><figure class='gallery-item'>\n\t\t\t<div class='gallery-icon landscape'>\n\t\t\t\t<a href='https:\/\/rediv.org\/noticias\/wp-content\/uploads\/2022\/04\/Screen-Shot-2022-04-25-at-23.22.04.png'><img loading=\"lazy\" decoding=\"async\" width=\"150\" height=\"150\" src=\"https:\/\/rediv.org\/noticias\/wp-content\/uploads\/2022\/04\/Screen-Shot-2022-04-25-at-23.22.04-150x150.png\" class=\"attachment-thumbnail size-thumbnail\" alt=\"\" srcset=\"https:\/\/rediv.org\/noticias\/wp-content\/uploads\/2022\/04\/Screen-Shot-2022-04-25-at-23.22.04-150x150.png 150w, https:\/\/rediv.org\/noticias\/wp-content\/uploads\/2022\/04\/Screen-Shot-2022-04-25-at-23.22.04-300x300.png 300w, https:\/\/rediv.org\/noticias\/wp-content\/uploads\/2022\/04\/Screen-Shot-2022-04-25-at-23.22.04-768x767.png 768w, https:\/\/rediv.org\/noticias\/wp-content\/uploads\/2022\/04\/Screen-Shot-2022-04-25-at-23.22.04.png 792w\" sizes=\"auto, (max-width: 150px) 100vw, 150px\" \/><\/a>\n\t\t\t<\/div><\/figure>\n\t\t<\/div>\n\n<p><span style=\"font-weight: 400;\">OBRAS:<\/span><\/p>\n<p><span style=\"font-weight: 400;\">1 &#8211; <\/span><b>C\u00e1psula digital 3.0<\/b><span style=\"font-weight: 400;\"> &#8211; Criadores: Natalia Lorenzetti, Mait\u00e9 Galarza, Exequiel Ramos, Martin Soria y Natalia Lorenzetti, Guiso Revista, Octi Fern\u00e1ndez, Natalia Lorenzetti &#8211; Cuerpes &#8211; Movimiento experimental \u2013 Salta, Argentina.<\/span><\/p>\n<p><span style=\"font-weight: 400;\">2 &#8211; <\/span><b>BELE BELTZA<\/b><span style=\"font-weight: 400;\">\u00a0 &#8211;\u00a0 Criador &#8211; Andrea Hackl \/ Andrea Hackl Projects \u2013 Amsterdam, Holanda.\u00a0\u00a0\u00a0\u00a0\u00a0\u00a0\u00a0\u00a0<\/span><\/p>\n<p><span style=\"font-weight: 400;\">3- <\/span><b>Desdesbordes<\/b><span style=\"font-weight: 400;\"> &#8211; Criadores: Joaquin Segade, Laureano Molina, D\u00e9bora Sans\u00f3 Neculman &#8211; Las Grutas, Argentina.\u00a0\u00a0\u00a0\u00a0<\/span><\/p>\n<p><span style=\"font-weight: 400;\">4 &#8211; <\/span><b>MOVEMENT<\/b><span style=\"font-weight: 400;\"> &#8211; Libertad Pozo,\u00a0 Julio C. Fuentes Dom\u00ednguez, Estefan\u00eda Aisa\u00a0 &#8211; Madrid, Espanha.<\/span><\/p>\n<p><span style=\"font-weight: 400;\">5 &#8211; <\/span><b>Espaldas Dobladas<\/b><span style=\"font-weight: 400;\"> &#8211; Criadores: Hern\u00e1n David L\u00f3pez, Camila Luna e Emiliano Luna, Camila Pina, Juan Carlos Castellnou, Jerem\u00edas Vizca\u00edno &#8211; Cidade Aut\u00f4noma de Buenos Aires, CABA.<\/span><\/p>\n<p><span style=\"font-weight: 400;\">6 &#8211; <\/span><b>RANALAND<\/b><span style=\"font-weight: 400;\"> &#8211; Criadores: Veronica Cecilia Rodriguez, Luciana Carunchio, Maria Fernanda Vallejos, Jonatan G\u00f3mez, Marcos Garfagnoli\u00a0 &#8211;\u00a0 Ros\u00e1rio, Argentina, 2021.<\/span><\/p>\n<hr \/>\n<p><b>8. MOSTRA FIVER: O Olhar delas. 10 anos de cine dan\u00e7a na Espanha<\/b><\/p>\n<div id='gallery-8' class='gallery galleryid-79 gallery-columns-3 gallery-size-thumbnail'><figure class='gallery-item'>\n\t\t\t<div class='gallery-icon landscape'>\n\t\t\t\t<a href='https:\/\/rediv.org\/noticias\/wp-content\/uploads\/2022\/04\/Screen-Shot-2022-04-25-at-23.23.46.png'><img loading=\"lazy\" decoding=\"async\" width=\"150\" height=\"150\" src=\"https:\/\/rediv.org\/noticias\/wp-content\/uploads\/2022\/04\/Screen-Shot-2022-04-25-at-23.23.46-150x150.png\" class=\"attachment-thumbnail size-thumbnail\" alt=\"\" srcset=\"https:\/\/rediv.org\/noticias\/wp-content\/uploads\/2022\/04\/Screen-Shot-2022-04-25-at-23.23.46-150x150.png 150w, https:\/\/rediv.org\/noticias\/wp-content\/uploads\/2022\/04\/Screen-Shot-2022-04-25-at-23.23.46-300x300.png 300w, https:\/\/rediv.org\/noticias\/wp-content\/uploads\/2022\/04\/Screen-Shot-2022-04-25-at-23.23.46-768x766.png 768w, https:\/\/rediv.org\/noticias\/wp-content\/uploads\/2022\/04\/Screen-Shot-2022-04-25-at-23.23.46.png 790w\" sizes=\"auto, (max-width: 150px) 100vw, 150px\" \/><\/a>\n\t\t\t<\/div><\/figure><figure class='gallery-item'>\n\t\t\t<div class='gallery-icon landscape'>\n\t\t\t\t<a href='https:\/\/rediv.org\/noticias\/wp-content\/uploads\/2022\/04\/Screen-Shot-2022-04-25-at-23.24.04.png'><img loading=\"lazy\" decoding=\"async\" width=\"150\" height=\"150\" src=\"https:\/\/rediv.org\/noticias\/wp-content\/uploads\/2022\/04\/Screen-Shot-2022-04-25-at-23.24.04-150x150.png\" class=\"attachment-thumbnail size-thumbnail\" alt=\"\" srcset=\"https:\/\/rediv.org\/noticias\/wp-content\/uploads\/2022\/04\/Screen-Shot-2022-04-25-at-23.24.04-150x150.png 150w, https:\/\/rediv.org\/noticias\/wp-content\/uploads\/2022\/04\/Screen-Shot-2022-04-25-at-23.24.04-300x300.png 300w, https:\/\/rediv.org\/noticias\/wp-content\/uploads\/2022\/04\/Screen-Shot-2022-04-25-at-23.24.04-768x766.png 768w, https:\/\/rediv.org\/noticias\/wp-content\/uploads\/2022\/04\/Screen-Shot-2022-04-25-at-23.24.04.png 795w\" sizes=\"auto, (max-width: 150px) 100vw, 150px\" \/><\/a>\n\t\t\t<\/div><\/figure><figure class='gallery-item'>\n\t\t\t<div class='gallery-icon portrait'>\n\t\t\t\t<a href='https:\/\/rediv.org\/noticias\/wp-content\/uploads\/2022\/04\/Screen-Shot-2022-04-25-at-23.24.15.png'><img loading=\"lazy\" decoding=\"async\" width=\"150\" height=\"150\" src=\"https:\/\/rediv.org\/noticias\/wp-content\/uploads\/2022\/04\/Screen-Shot-2022-04-25-at-23.24.15-150x150.png\" class=\"attachment-thumbnail size-thumbnail\" alt=\"\" srcset=\"https:\/\/rediv.org\/noticias\/wp-content\/uploads\/2022\/04\/Screen-Shot-2022-04-25-at-23.24.15-150x150.png 150w, https:\/\/rediv.org\/noticias\/wp-content\/uploads\/2022\/04\/Screen-Shot-2022-04-25-at-23.24.15-300x300.png 300w, https:\/\/rediv.org\/noticias\/wp-content\/uploads\/2022\/04\/Screen-Shot-2022-04-25-at-23.24.15-768x771.png 768w, https:\/\/rediv.org\/noticias\/wp-content\/uploads\/2022\/04\/Screen-Shot-2022-04-25-at-23.24.15.png 792w\" sizes=\"auto, (max-width: 150px) 100vw, 150px\" \/><\/a>\n\t\t\t<\/div><\/figure>\n\t\t<\/div>\n\n<p><span style=\"font-weight: 400;\">Aberto durante 3 dias: 29 de abril a 1 de maio<\/span><\/p>\n<p><span style=\"font-weight: 400;\">FIVER (Festival de Cinema, Dan\u00e7a e Novas M\u00eddias), \u201cO olhar delas. 10 anos de cinema de dan\u00e7a na Espanha\u201d, com curadoria de Samuel Retortillo, apresenta trabalhos finalistas entre 2012 e 2021.<\/span><\/p>\n<p><span style=\"font-weight: 400;\">Link de acesso da Mostra: <\/span><a href=\"https:\/\/vimeo.com\/showcase\/7687082\"><span style=\"font-weight: 400;\">https:\/\/vimeo.com\/showcase\/7687082<\/span><\/a><\/p>\n<p><span style=\"font-weight: 400;\">\u00a0<\/span><\/p>\n<p><b>OBRAS<\/b><\/p>\n<ul>\n<li style=\"font-weight: 400;\" aria-level=\"1\"><b>Atma<\/b><span style=\"font-weight: 400;\"> &#8211; Carla Subirana \/ 9 min \/ Espanha \/ 2016 \/ Pr\u00eamio Nacional FIVER, 2017.<\/span><\/li>\n<li style=\"font-weight: 400;\" aria-level=\"1\"><b>Caballo negro<\/b><span style=\"font-weight: 400;\"> &#8211; Tuix\u00e9n Benet \/ 4 min \/ Espanha \/ 2013 \/ Finalista dos pr\u00eamios FIVER, 2014.<\/span><\/li>\n<li style=\"font-weight: 400;\" aria-level=\"1\"><b>Da Mopa, sevillanas electr\u00f3nicas<\/b><span style=\"font-weight: 400;\"> &#8211; Mar\u00eda Teresa Garc\u00eda \/ 4 min \/ Espanha \/ 2017 \/ Pr\u00eamio Nacional dos pr\u00eamios FIVER, 2018.<\/span><\/li>\n<li style=\"font-weight: 400;\" aria-level=\"1\"><b>Europe Endless <\/b><span style=\"font-weight: 400;\">&#8211; Ana Cembrero \/ 26 min \/ Espanha-B\u00e9lgica \/ 2014 \/ Pr\u00eamio Cria\u00e7\u00e3o FIVER, 2015.<\/span><\/li>\n<li style=\"font-weight: 400;\" aria-level=\"1\"><b>Fuego Lento<\/b><span style=\"font-weight: 400;\"> &#8211; Elena Castilla \/ 16 min \/ Espanha \/ 2015 \/ Pr\u00eamio Melhor document\u00e1rio FIVER, 2016.<\/span><\/li>\n<li style=\"font-weight: 400;\" aria-level=\"1\"><b>Inside\/Outside <\/b><span style=\"font-weight: 400;\">&#8211; Carolina Romillo \/ 5 min \/ Espanha-Cuba \/ 2020 \/ Finalista dos pr\u00eamios FIVER,\u00a0 2020.<\/span><\/li>\n<li style=\"font-weight: 400;\" aria-level=\"1\"><b>Inside, inhabited landscapes &#8211;<\/b><span style=\"font-weight: 400;\"> Carmen Porras \/ 6 min \/ Espanha \/ 2018 \/ Finalista dos pr\u00eamios FIVER, 2019.<\/span><\/li>\n<li style=\"font-weight: 400;\" aria-level=\"1\"><b>Kinxi <\/b><span style=\"font-weight: 400;\">&#8211; Sara Font\u00e1n y Clara Tena \/ 3 min \/ Espanha \/ 2012 \/ Men\u00e7\u00e3o especial dos pr\u00eamios FIVER, 2013.<\/span><\/li>\n<li style=\"font-weight: 400;\" aria-level=\"1\"><b>Sinfon\u00eda del cuerpo <\/b><span style=\"font-weight: 400;\">&#8211; M\u00f3nica Ruiz van Hattem \/ 15 min \/ Espanha-Holanda \/ 2019 \/ Men\u00e7\u00e3o especial do j\u00fari dos pr\u00eamios FIVER, 2019.<\/span><\/li>\n<li style=\"font-weight: 400;\" aria-level=\"1\"><b>Vals y rumba<\/b><span style=\"font-weight: 400;\"> &#8211; Laura Delgado \/ 6 min \/ Espanha \/ 2021 \/ Finalista dos pr\u00eamios FIVER,\u00a0 2021.<\/span><\/li>\n<\/ul>\n<p>&nbsp;<\/p>\n<p><span style=\"font-weight: 400;\">\u00a0<\/span><span style=\"font-weight: 400;\">Samuel Retortillo &#8211; Espanha<\/span><\/p>\n<p><span style=\"font-weight: 400;\">Bailarino profissional em v\u00e1rias companhias de dan\u00e7a na Europa. Diretor do festival do FIVER, da Bienal Body Image and Movement Arts, do festival Margen Danza, do Colectivo Artistas Inflamables a.k.a. CAIN, do Centro Coreogr\u00e1fico de La Rioja e o espa\u00e7o para resid\u00eancias de cria\u00e7\u00e3o e pesquisa &#8211; Arte e Natureza CIRVE. Graduado no Mestrado em Pr\u00e1ticas C\u00eanicas e Cultura Visual da Universidade de Castilla-La Mancha e Museu Reina Sof\u00eda e formado pela Escola Superior de Dan\u00e7a de Marselha.<\/span><span style=\"font-weight: 400;\">\u00a0<\/span><\/p>\n<p><a href=\"http:\/\/www.fiverdance.com\/\"><span style=\"font-weight: 400;\">http:\/\/www.fiverdance.com\/<\/span><\/a><\/p>\n","protected":false},"excerpt":{"rendered":"<p>Ver entrada en espa\u00f1ol. Durante os cinco dias de\u00a0 Dan\u00e7a com REDIV 2022, oferecemos uma ampla mostra de videodan\u00e7as que estar\u00e3o abertas em sequ\u00eancia e de maneira gratuita no nosso canal do YouTube: https:\/\/www.youtube.com\/c\/REDIV.\u00a0 Cada mostra ter\u00e1 sua estreia no dia 25 de abril , segunda-feira, em diferentes hor\u00e1rios e ser\u00e1 finalizada no dia 29 [&hellip;]<\/p>\n","protected":false},"author":1,"featured_media":0,"comment_status":"open","ping_status":"open","sticky":false,"template":"","format":"standard","meta":{"footnotes":""},"categories":[14],"tags":[],"class_list":["post-79","post","type-post","status-publish","format-standard","hentry","category-mostras"],"_links":{"self":[{"href":"https:\/\/rediv.org\/noticias\/wp-json\/wp\/v2\/posts\/79","targetHints":{"allow":["GET"]}}],"collection":[{"href":"https:\/\/rediv.org\/noticias\/wp-json\/wp\/v2\/posts"}],"about":[{"href":"https:\/\/rediv.org\/noticias\/wp-json\/wp\/v2\/types\/post"}],"author":[{"embeddable":true,"href":"https:\/\/rediv.org\/noticias\/wp-json\/wp\/v2\/users\/1"}],"replies":[{"embeddable":true,"href":"https:\/\/rediv.org\/noticias\/wp-json\/wp\/v2\/comments?post=79"}],"version-history":[{"count":4,"href":"https:\/\/rediv.org\/noticias\/wp-json\/wp\/v2\/posts\/79\/revisions"}],"predecessor-version":[{"id":85,"href":"https:\/\/rediv.org\/noticias\/wp-json\/wp\/v2\/posts\/79\/revisions\/85"}],"wp:attachment":[{"href":"https:\/\/rediv.org\/noticias\/wp-json\/wp\/v2\/media?parent=79"}],"wp:term":[{"taxonomy":"category","embeddable":true,"href":"https:\/\/rediv.org\/noticias\/wp-json\/wp\/v2\/categories?post=79"},{"taxonomy":"post_tag","embeddable":true,"href":"https:\/\/rediv.org\/noticias\/wp-json\/wp\/v2\/tags?post=79"}],"curies":[{"name":"wp","href":"https:\/\/api.w.org\/{rel}","templated":true}]}}