{"id":86,"date":"2022-04-26T04:50:45","date_gmt":"2022-04-26T04:50:45","guid":{"rendered":"https:\/\/rediv.org\/noticias\/?p=86"},"modified":"2022-04-26T05:26:53","modified_gmt":"2022-04-26T05:26:53","slug":"rediv-celebra-la-semana-de-la-danza","status":"publish","type":"post","link":"https:\/\/rediv.org\/noticias\/rediv-celebra-la-semana-de-la-danza\/","title":{"rendered":"REDIV celebra la Semana de la Danza"},"content":{"rendered":"<p style=\"text-align: right;\"><a href=\"https:\/\/rediv.org\/noticias\/pt\/rediv-celebra-a-semana-da-danca\/\">Ver em portugu\u00eas.<\/a><\/p>\n<div id='gallery-1' class='gallery galleryid-86 gallery-columns-3 gallery-size-medium'><figure class='gallery-item'>\n\t\t\t<div class='gallery-icon landscape'>\n\t\t\t\t<a href='https:\/\/rediv.org\/noticias\/wp-content\/uploads\/2022\/04\/Screen-Shot-2022-04-25-at-23.48.34.png'><img loading=\"lazy\" decoding=\"async\" width=\"300\" height=\"300\" src=\"https:\/\/rediv.org\/noticias\/wp-content\/uploads\/2022\/04\/Screen-Shot-2022-04-25-at-23.48.34-300x300.png\" class=\"attachment-medium size-medium\" alt=\"\" srcset=\"https:\/\/rediv.org\/noticias\/wp-content\/uploads\/2022\/04\/Screen-Shot-2022-04-25-at-23.48.34-300x300.png 300w, https:\/\/rediv.org\/noticias\/wp-content\/uploads\/2022\/04\/Screen-Shot-2022-04-25-at-23.48.34-150x150.png 150w, https:\/\/rediv.org\/noticias\/wp-content\/uploads\/2022\/04\/Screen-Shot-2022-04-25-at-23.48.34-768x766.png 768w, https:\/\/rediv.org\/noticias\/wp-content\/uploads\/2022\/04\/Screen-Shot-2022-04-25-at-23.48.34.png 793w\" sizes=\"auto, (max-width: 300px) 100vw, 300px\" \/><\/a>\n\t\t\t<\/div><\/figure><figure class='gallery-item'>\n\t\t\t<div class='gallery-icon landscape'>\n\t\t\t\t<a href='https:\/\/rediv.org\/noticias\/wp-content\/uploads\/2022\/04\/Screen-Shot-2022-04-25-at-23.48.25.png'><img loading=\"lazy\" decoding=\"async\" width=\"300\" height=\"298\" src=\"https:\/\/rediv.org\/noticias\/wp-content\/uploads\/2022\/04\/Screen-Shot-2022-04-25-at-23.48.25-300x298.png\" class=\"attachment-medium size-medium\" alt=\"\" srcset=\"https:\/\/rediv.org\/noticias\/wp-content\/uploads\/2022\/04\/Screen-Shot-2022-04-25-at-23.48.25-300x298.png 300w, https:\/\/rediv.org\/noticias\/wp-content\/uploads\/2022\/04\/Screen-Shot-2022-04-25-at-23.48.25-150x150.png 150w, https:\/\/rediv.org\/noticias\/wp-content\/uploads\/2022\/04\/Screen-Shot-2022-04-25-at-23.48.25-768x764.png 768w, https:\/\/rediv.org\/noticias\/wp-content\/uploads\/2022\/04\/Screen-Shot-2022-04-25-at-23.48.25.png 794w\" sizes=\"auto, (max-width: 300px) 100vw, 300px\" \/><\/a>\n\t\t\t<\/div><\/figure><figure class='gallery-item'>\n\t\t\t<div class='gallery-icon landscape'>\n\t\t\t\t<a href='https:\/\/rediv.org\/noticias\/wp-content\/uploads\/2022\/04\/Screen-Shot-2022-04-25-at-23.48.17.png'><img loading=\"lazy\" decoding=\"async\" width=\"300\" height=\"300\" src=\"https:\/\/rediv.org\/noticias\/wp-content\/uploads\/2022\/04\/Screen-Shot-2022-04-25-at-23.48.17-300x300.png\" class=\"attachment-medium size-medium\" alt=\"\" srcset=\"https:\/\/rediv.org\/noticias\/wp-content\/uploads\/2022\/04\/Screen-Shot-2022-04-25-at-23.48.17-300x300.png 300w, https:\/\/rediv.org\/noticias\/wp-content\/uploads\/2022\/04\/Screen-Shot-2022-04-25-at-23.48.17-150x150.png 150w, https:\/\/rediv.org\/noticias\/wp-content\/uploads\/2022\/04\/Screen-Shot-2022-04-25-at-23.48.17-768x768.png 768w, https:\/\/rediv.org\/noticias\/wp-content\/uploads\/2022\/04\/Screen-Shot-2022-04-25-at-23.48.17.png 794w\" sizes=\"auto, (max-width: 300px) 100vw, 300px\" \/><\/a>\n\t\t\t<\/div><\/figure>\n\t\t<\/div>\n\n<p><span style=\"font-weight: 400;\">Por segundo a\u00f1o consecutivo nos disponemos a celebrar en grande la <\/span><b>Semana de la Danza REDIV<\/b><span style=\"font-weight: 400;\">, con un programa de actividades que en 2022 abarca desde el lunes 25 hasta el viernes 29 de abril. Durante cinco d\u00edas reflexionamos sobre la danza, videodanza y expresiones corporales extendidas, encontr\u00e1ndonos a trav\u00e9s de conversatorios, muestras y entrevistas, entre artistas, colegas, festivales y creadores.\u00a0<\/span><\/p>\n<p><span style=\"font-weight: 400;\">Una invitaci\u00f3n a revisitar los grupos de trabajo, la agenda de proyectos anuales y las acciones de cada festival de la red, en continuo movimiento, haciendo visibles creaciones h\u00edbridas, que hacen parte de nuestra militancia cotidiana, brindando un marco de contexto reflexivo, de investigaci\u00f3n y esp\u00edritu reverberante. DANZA CON REDIV nos permite reforzar los v\u00ednculos, crear nuevas conexiones, perspectivas de red, ampliar nuestros horizontes, la posibilidad de crear escenarios con otrxs y compartir un acontecimiento que nos une como comunidad, tal cual es el D\u00eda Internacional de la Danza.\u00a0<\/span><\/p>\n<p><span style=\"font-weight: 400;\">El programa completo se puede descargar en este enlace:\u00a0 <\/span><a href=\"http:\/\/www.bit.ly\/DcREDIV22\"><span style=\"font-weight: 400;\">bit.ly\/DcREDIV22<\/span><\/a><\/p>\n<p><span style=\"font-weight: 400;\">A continuaci\u00f3n las actividades que ser\u00e1n parte de <\/span><b>Danza con REDIV 2022:<\/b><\/p>\n<p><a href=\"https:\/\/rediv.org\/noticias\/conversatorio-el-lenguaje-escrito-del-cuerpo\/\"><b>Lunes 25 de abril<\/b><\/a><br \/>\nConversatorio: El lenguaje escrito del cuerpo<\/p>\n<p><a href=\"https:\/\/rediv.org\/noticias\/conversatorio-como-habitar-cuerpo-y-virtualidad-hoy-en-dia\/\"><strong>Martes 26 de Abril<\/strong><\/a><br \/>\nConversatorio: \u00bfC\u00f3mo habitar cuerpo y virtualidad hoy en d\u00eda?<\/p>\n<p><a href=\"https:\/\/rediv.org\/noticias\/entrevistas-premios-rediv-2021\/\"><strong>Mi\u00e9rcoles 27<\/strong><\/a><br \/>\nEntrevistas: PREMIOS REDIV 2021<\/p>\n<p><a href=\"https:\/\/rediv.org\/noticias\/conversatorio-primera-muestra-universitaria-rediv-2022\/\"><strong>Jueves 28 de abril<\/strong><\/a><br \/>\nCONVERSATORIO: PRIMERA MUESTRA UNIVERSITARIA REDIV 2022<\/p>\n<p><a href=\"https:\/\/rediv.org\/noticias\/conversatorio-enredandonos-acciones-en-red\/\"><strong>Viernes 29 de abril<\/strong><\/a><br \/>\nConversatorio: EnRED\u00e1ndonos &#8211;\u00a0 Acciones en RED<\/p>\n","protected":false},"excerpt":{"rendered":"<p>Ver em portugu\u00eas. Por segundo a\u00f1o consecutivo nos disponemos a celebrar en grande la Semana de la Danza REDIV, con un programa de actividades que en 2022 abarca desde el lunes 25 hasta el viernes 29 de abril. Durante cinco d\u00edas reflexionamos sobre la danza, videodanza y expresiones corporales extendidas, encontr\u00e1ndonos a trav\u00e9s de conversatorios, [&hellip;]<\/p>\n","protected":false},"author":1,"featured_media":0,"comment_status":"open","ping_status":"open","sticky":false,"template":"","format":"standard","meta":{"footnotes":""},"categories":[16],"tags":[],"class_list":["post-86","post","type-post","status-publish","format-standard","hentry","category-eventos"],"_links":{"self":[{"href":"https:\/\/rediv.org\/noticias\/wp-json\/wp\/v2\/posts\/86","targetHints":{"allow":["GET"]}}],"collection":[{"href":"https:\/\/rediv.org\/noticias\/wp-json\/wp\/v2\/posts"}],"about":[{"href":"https:\/\/rediv.org\/noticias\/wp-json\/wp\/v2\/types\/post"}],"author":[{"embeddable":true,"href":"https:\/\/rediv.org\/noticias\/wp-json\/wp\/v2\/users\/1"}],"replies":[{"embeddable":true,"href":"https:\/\/rediv.org\/noticias\/wp-json\/wp\/v2\/comments?post=86"}],"version-history":[{"count":6,"href":"https:\/\/rediv.org\/noticias\/wp-json\/wp\/v2\/posts\/86\/revisions"}],"predecessor-version":[{"id":143,"href":"https:\/\/rediv.org\/noticias\/wp-json\/wp\/v2\/posts\/86\/revisions\/143"}],"wp:attachment":[{"href":"https:\/\/rediv.org\/noticias\/wp-json\/wp\/v2\/media?parent=86"}],"wp:term":[{"taxonomy":"category","embeddable":true,"href":"https:\/\/rediv.org\/noticias\/wp-json\/wp\/v2\/categories?post=86"},{"taxonomy":"post_tag","embeddable":true,"href":"https:\/\/rediv.org\/noticias\/wp-json\/wp\/v2\/tags?post=86"}],"curies":[{"name":"wp","href":"https:\/\/api.w.org\/{rel}","templated":true}]}}