{"id":91,"date":"2022-04-26T04:53:05","date_gmt":"2022-04-26T04:53:05","guid":{"rendered":"https:\/\/rediv.org\/noticias\/?p=91"},"modified":"2022-04-26T05:29:03","modified_gmt":"2022-04-26T05:29:03","slug":"rediv-celebra-a-semana-da-danca","status":"publish","type":"post","link":"https:\/\/rediv.org\/noticias\/rediv-celebra-a-semana-da-danca\/","title":{"rendered":"REDIV celebra a Semana da Dan\u00e7a"},"content":{"rendered":"<p style=\"text-align: right;\"><a href=\"https:\/\/rediv.org\/noticias\/rediv-celebra-la-semana-de-la-danza\/\">Ver en espa\u00f1ol.<\/a><\/p>\n<div id='gallery-1' class='gallery galleryid-91 gallery-columns-3 gallery-size-medium'><figure class='gallery-item'>\n\t\t\t<div class='gallery-icon landscape'>\n\t\t\t\t<a href='https:\/\/rediv.org\/noticias\/wp-content\/uploads\/2022\/04\/Screen-Shot-2022-04-25-at-23.48.34.png'><img loading=\"lazy\" decoding=\"async\" width=\"300\" height=\"300\" src=\"https:\/\/rediv.org\/noticias\/wp-content\/uploads\/2022\/04\/Screen-Shot-2022-04-25-at-23.48.34-300x300.png\" class=\"attachment-medium size-medium\" alt=\"\" srcset=\"https:\/\/rediv.org\/noticias\/wp-content\/uploads\/2022\/04\/Screen-Shot-2022-04-25-at-23.48.34-300x300.png 300w, https:\/\/rediv.org\/noticias\/wp-content\/uploads\/2022\/04\/Screen-Shot-2022-04-25-at-23.48.34-150x150.png 150w, https:\/\/rediv.org\/noticias\/wp-content\/uploads\/2022\/04\/Screen-Shot-2022-04-25-at-23.48.34-768x766.png 768w, https:\/\/rediv.org\/noticias\/wp-content\/uploads\/2022\/04\/Screen-Shot-2022-04-25-at-23.48.34.png 793w\" sizes=\"auto, (max-width: 300px) 100vw, 300px\" \/><\/a>\n\t\t\t<\/div><\/figure><figure class='gallery-item'>\n\t\t\t<div class='gallery-icon landscape'>\n\t\t\t\t<a href='https:\/\/rediv.org\/noticias\/wp-content\/uploads\/2022\/04\/Screen-Shot-2022-04-25-at-23.48.25.png'><img loading=\"lazy\" decoding=\"async\" width=\"300\" height=\"298\" src=\"https:\/\/rediv.org\/noticias\/wp-content\/uploads\/2022\/04\/Screen-Shot-2022-04-25-at-23.48.25-300x298.png\" class=\"attachment-medium size-medium\" alt=\"\" srcset=\"https:\/\/rediv.org\/noticias\/wp-content\/uploads\/2022\/04\/Screen-Shot-2022-04-25-at-23.48.25-300x298.png 300w, https:\/\/rediv.org\/noticias\/wp-content\/uploads\/2022\/04\/Screen-Shot-2022-04-25-at-23.48.25-150x150.png 150w, https:\/\/rediv.org\/noticias\/wp-content\/uploads\/2022\/04\/Screen-Shot-2022-04-25-at-23.48.25-768x764.png 768w, https:\/\/rediv.org\/noticias\/wp-content\/uploads\/2022\/04\/Screen-Shot-2022-04-25-at-23.48.25.png 794w\" sizes=\"auto, (max-width: 300px) 100vw, 300px\" \/><\/a>\n\t\t\t<\/div><\/figure><figure class='gallery-item'>\n\t\t\t<div class='gallery-icon landscape'>\n\t\t\t\t<a href='https:\/\/rediv.org\/noticias\/wp-content\/uploads\/2022\/04\/Screen-Shot-2022-04-25-at-23.48.17.png'><img loading=\"lazy\" decoding=\"async\" width=\"300\" height=\"300\" src=\"https:\/\/rediv.org\/noticias\/wp-content\/uploads\/2022\/04\/Screen-Shot-2022-04-25-at-23.48.17-300x300.png\" class=\"attachment-medium size-medium\" alt=\"\" srcset=\"https:\/\/rediv.org\/noticias\/wp-content\/uploads\/2022\/04\/Screen-Shot-2022-04-25-at-23.48.17-300x300.png 300w, https:\/\/rediv.org\/noticias\/wp-content\/uploads\/2022\/04\/Screen-Shot-2022-04-25-at-23.48.17-150x150.png 150w, https:\/\/rediv.org\/noticias\/wp-content\/uploads\/2022\/04\/Screen-Shot-2022-04-25-at-23.48.17-768x768.png 768w, https:\/\/rediv.org\/noticias\/wp-content\/uploads\/2022\/04\/Screen-Shot-2022-04-25-at-23.48.17.png 794w\" sizes=\"auto, (max-width: 300px) 100vw, 300px\" \/><\/a>\n\t\t\t<\/div><\/figure>\n\t\t<\/div>\n\n<p><span style=\"font-weight: 400;\">Este \u00e9 o segundo ano consecutivo que estamos nos preparando para celebrar a REDIV Dance Week em grande estilo. Com um programa de atividades de 5 dias, refletimos sobre dan\u00e7a, videodan\u00e7a e express\u00f5es corporais estendidas, encontrando-se atrav\u00e9s de conversas, exposi\u00e7\u00f5es e entrevistas, entre artistas, colegas, festivais e criadores.<\/span><\/p>\n<p><span style=\"font-weight: 400;\">Um convite para revisitar os grupos de trabalho, a agenda anual de projetos e as a\u00e7\u00f5es de cada festival da rede, em movimento cont\u00ednuo, tornando vis\u00edveis as cria\u00e7\u00f5es h\u00edbridas, que fazem parte de nossa milit\u00e2ncia cotidiana, proporcionando um quadro de contexto reflexivo, pesquisa e esp\u00edrito reverberante . DANZA CON REDIV nos permite estreitar la\u00e7os, criar novas conex\u00f5es, perspectivas em rede, ampliar nossos horizontes, a possibilidade de criar cen\u00e1rios com os outros e compartilhar um evento que nos une como comunidade, como o Dia Internacional da Dan\u00e7a.<\/span><\/p>\n<p><span style=\"font-weight: 400;\">O Programa completo se pode\u00a0 fazer o download nesse link:\u00a0 <\/span><a href=\"http:\/\/www.bit.ly\/DcREDIV22\"><span style=\"font-weight: 400;\">bit.ly\/DcREDIV22<\/span><\/a><\/p>\n<p><span style=\"font-weight: 400;\">A continua\u00e7\u00e3o das atividades que far\u00e3o parte de Dan\u00e7a com REDIV 2022:<\/span><\/p>\n<p><a href=\"https:\/\/rediv.org\/noticias\/pt\/conversa-a-linguagem-escrita-do-corpo\/\"><strong>Segunda-feira, 25 de abril<\/strong><\/a><br \/>\nConversa: A linguagem escrita do corpo<\/p>\n<p><b><a href=\"https:\/\/rediv.org\/noticias\/pt\/105-2\/\">Ter\u00e7a-feira 26 de abril<\/a><br \/>\n<\/b>Conversa: \u00a0Como habitar corpo e virtualidade hoje em dia<\/p>\n<p><a href=\"https:\/\/rediv.org\/noticias\/pt\/entrevistas-premios-rediv-2021-2\/\"><strong>Quarta-feira, 27 de abril<\/strong><\/a><br \/>\nEntrevistas: PREMIOS REDIV 2021<\/p>\n<p><a href=\"https:\/\/rediv.org\/noticias\/pt\/conversa-primeira-mostra-universitaria-rediv-2022\/\"><strong>Quinta-feira \u2013 28 de Abril<\/strong><\/a><br \/>\nCONVERSA: PRIMEIRA MOSTRA UNIVERSIT\u00c1RIA REDIV 2022.<\/p>\n<p><a href=\"https:\/\/rediv.org\/noticias\/pt\/conversa-enredandonos-acoes-em-rede\/\"><strong>Sexta-feira\u00a0 29 de abril<\/strong><\/a><br \/>\nConversa: EnRED\u00e1ndonos \u2013 A\u00e7\u00f5es em REDE<\/p>\n","protected":false},"excerpt":{"rendered":"<p>Ver en espa\u00f1ol. Este \u00e9 o segundo ano consecutivo que estamos nos preparando para celebrar a REDIV Dance Week em grande estilo. Com um programa de atividades de 5 dias, refletimos sobre dan\u00e7a, videodan\u00e7a e express\u00f5es corporais estendidas, encontrando-se atrav\u00e9s de conversas, exposi\u00e7\u00f5es e entrevistas, entre artistas, colegas, festivais e criadores. Um convite para revisitar [&hellip;]<\/p>\n","protected":false},"author":1,"featured_media":0,"comment_status":"open","ping_status":"open","sticky":false,"template":"","format":"standard","meta":{"footnotes":""},"categories":[18],"tags":[],"class_list":["post-91","post","type-post","status-publish","format-standard","hentry","category-eventos-pt"],"_links":{"self":[{"href":"https:\/\/rediv.org\/noticias\/wp-json\/wp\/v2\/posts\/91","targetHints":{"allow":["GET"]}}],"collection":[{"href":"https:\/\/rediv.org\/noticias\/wp-json\/wp\/v2\/posts"}],"about":[{"href":"https:\/\/rediv.org\/noticias\/wp-json\/wp\/v2\/types\/post"}],"author":[{"embeddable":true,"href":"https:\/\/rediv.org\/noticias\/wp-json\/wp\/v2\/users\/1"}],"replies":[{"embeddable":true,"href":"https:\/\/rediv.org\/noticias\/wp-json\/wp\/v2\/comments?post=91"}],"version-history":[{"count":6,"href":"https:\/\/rediv.org\/noticias\/wp-json\/wp\/v2\/posts\/91\/revisions"}],"predecessor-version":[{"id":144,"href":"https:\/\/rediv.org\/noticias\/wp-json\/wp\/v2\/posts\/91\/revisions\/144"}],"wp:attachment":[{"href":"https:\/\/rediv.org\/noticias\/wp-json\/wp\/v2\/media?parent=91"}],"wp:term":[{"taxonomy":"category","embeddable":true,"href":"https:\/\/rediv.org\/noticias\/wp-json\/wp\/v2\/categories?post=91"},{"taxonomy":"post_tag","embeddable":true,"href":"https:\/\/rediv.org\/noticias\/wp-json\/wp\/v2\/tags?post=91"}],"curies":[{"name":"wp","href":"https:\/\/api.w.org\/{rel}","templated":true}]}}