{"id":93,"date":"2022-04-26T04:56:10","date_gmt":"2022-04-26T04:56:10","guid":{"rendered":"https:\/\/rediv.org\/noticias\/?p=93"},"modified":"2022-04-26T05:38:51","modified_gmt":"2022-04-26T05:38:51","slug":"conversatorio-el-lenguaje-escrito-del-cuerpo","status":"publish","type":"post","link":"https:\/\/rediv.org\/noticias\/conversatorio-el-lenguaje-escrito-del-cuerpo\/","title":{"rendered":"Conversatorio: El lenguaje escrito del cuerpo"},"content":{"rendered":"<div id='gallery-1' class='gallery galleryid-93 gallery-columns-3 gallery-size-thumbnail'><figure class='gallery-item'>\n\t\t\t<div class='gallery-icon landscape'>\n\t\t\t\t<a href='https:\/\/rediv.org\/noticias\/conversatorio-el-lenguaje-escrito-del-cuerpo\/screen-shot-2022-04-25-at-23-55-11\/'><img loading=\"lazy\" decoding=\"async\" width=\"150\" height=\"150\" src=\"https:\/\/rediv.org\/noticias\/wp-content\/uploads\/2022\/04\/Screen-Shot-2022-04-25-at-23.55.11-150x150.png\" class=\"attachment-thumbnail size-thumbnail\" alt=\"\" srcset=\"https:\/\/rediv.org\/noticias\/wp-content\/uploads\/2022\/04\/Screen-Shot-2022-04-25-at-23.55.11-150x150.png 150w, https:\/\/rediv.org\/noticias\/wp-content\/uploads\/2022\/04\/Screen-Shot-2022-04-25-at-23.55.11-300x300.png 300w, https:\/\/rediv.org\/noticias\/wp-content\/uploads\/2022\/04\/Screen-Shot-2022-04-25-at-23.55.11-768x767.png 768w, https:\/\/rediv.org\/noticias\/wp-content\/uploads\/2022\/04\/Screen-Shot-2022-04-25-at-23.55.11.png 793w\" sizes=\"auto, (max-width: 150px) 100vw, 150px\" \/><\/a>\n\t\t\t<\/div><\/figure><figure class='gallery-item'>\n\t\t\t<div class='gallery-icon portrait'>\n\t\t\t\t<a href='https:\/\/rediv.org\/noticias\/conversatorio-el-lenguaje-escrito-del-cuerpo\/screen-shot-2022-04-25-at-23-55-29\/'><img loading=\"lazy\" decoding=\"async\" width=\"150\" height=\"150\" src=\"https:\/\/rediv.org\/noticias\/wp-content\/uploads\/2022\/04\/Screen-Shot-2022-04-25-at-23.55.29-150x150.png\" class=\"attachment-thumbnail size-thumbnail\" alt=\"\" srcset=\"https:\/\/rediv.org\/noticias\/wp-content\/uploads\/2022\/04\/Screen-Shot-2022-04-25-at-23.55.29-150x150.png 150w, https:\/\/rediv.org\/noticias\/wp-content\/uploads\/2022\/04\/Screen-Shot-2022-04-25-at-23.55.29-300x300.png 300w, https:\/\/rediv.org\/noticias\/wp-content\/uploads\/2022\/04\/Screen-Shot-2022-04-25-at-23.55.29-768x769.png 768w, https:\/\/rediv.org\/noticias\/wp-content\/uploads\/2022\/04\/Screen-Shot-2022-04-25-at-23.55.29.png 794w\" sizes=\"auto, (max-width: 150px) 100vw, 150px\" \/><\/a>\n\t\t\t<\/div><\/figure><figure class='gallery-item'>\n\t\t\t<div class='gallery-icon landscape'>\n\t\t\t\t<a href='https:\/\/rediv.org\/noticias\/conversatorio-el-lenguaje-escrito-del-cuerpo\/screen-shot-2022-04-25-at-23-55-39\/'><img loading=\"lazy\" decoding=\"async\" width=\"150\" height=\"150\" src=\"https:\/\/rediv.org\/noticias\/wp-content\/uploads\/2022\/04\/Screen-Shot-2022-04-25-at-23.55.39-150x150.png\" class=\"attachment-thumbnail size-thumbnail\" alt=\"\" srcset=\"https:\/\/rediv.org\/noticias\/wp-content\/uploads\/2022\/04\/Screen-Shot-2022-04-25-at-23.55.39-150x150.png 150w, https:\/\/rediv.org\/noticias\/wp-content\/uploads\/2022\/04\/Screen-Shot-2022-04-25-at-23.55.39-300x300.png 300w, https:\/\/rediv.org\/noticias\/wp-content\/uploads\/2022\/04\/Screen-Shot-2022-04-25-at-23.55.39-768x765.png 768w, https:\/\/rediv.org\/noticias\/wp-content\/uploads\/2022\/04\/Screen-Shot-2022-04-25-at-23.55.39.png 794w\" sizes=\"auto, (max-width: 150px) 100vw, 150px\" \/><\/a>\n\t\t\t<\/div><\/figure>\n\t\t<\/div>\n\n<p><b>Lunes 25 de abril<\/b><\/p>\n<p><b>Conversatorio: El lenguaje escrito del cuerpo<\/b><span style=\"font-weight: 400;\">\u00a0<\/span><\/p>\n<p><span style=\"font-weight: 400;\">V\u00eda canal de YouTube: <\/span><a href=\"https:\/\/www.youtube.com\/c\/REDIV\"><span style=\"font-weight: 400;\">https:\/\/www.youtube.com\/c\/REDIV<\/span><\/a><\/p>\n<p><span style=\"font-weight: 400;\">Horario:\u00a0<\/span><\/p>\n<p><span style=\"font-weight: 400;\">16h Costa Rica \/<\/span><\/p>\n<p><span style=\"font-weight: 400;\">\u00a017h Colombia-Ecuador-M\u00e9xico \/<\/span><\/p>\n<p><span style=\"font-weight: 400;\">18h Bolivia-Cuba-Chile-Paraguay-Venezuela\/\u00a0<\/span><\/p>\n<p><span style=\"font-weight: 400;\">19h Argentina-Brasil-Uruguay \/\u00a0<\/span><\/p>\n<p><span style=\"font-weight: 400;\">23h Portugal \/\u00a0<\/span><\/p>\n<p><span style=\"font-weight: 400;\">24h Espa\u00f1a.<\/span><\/p>\n<p><span style=\"font-weight: 400;\">La actividad de la escritura es un proceso que transforma la pr\u00e1ctica h\u00edbrida de la videodanza; en ella encontramos reflexiones, ideas y conceptos que se retroalimentan en nuevos cuestionamientos, an\u00e1lisis, hallazgos y aportes a la creaci\u00f3n. Hace pocos a\u00f1os ni videodanza ni su escritura eran reconocidos o como arte con caracter\u00edsticas propias, o como construcci\u00f3n de conocimiento y cr\u00edtica; hoy ya se cuenta con vol\u00famenes que conforman un cuerpo te\u00f3rico. En este conversatorio hablaremos sobre algunos vol\u00famenes y distintas formas de abordar textos en relaci\u00f3n a la danza en video y cine.<\/span><\/p>\n<p>&nbsp;<\/p>\n<p><span style=\"font-weight: 400;\">Participantes:<\/span><\/p>\n<p><span style=\"font-weight: 400;\">Alejandra Ceriani, Diego Carrera, Mar\u00eda Fernanda Vallejos, Ladys Gonzalez, Yolanda M. Guadarrama, Sarah Ferreira, Paulo Caldas.<\/span><\/p>\n<p>&nbsp;<\/p>\n<p><b>Alejandra Ceriani &#8211; La Plata-Argentina\u00a0<\/b><\/p>\n<p><span style=\"font-weight: 400;\">Doctora en Arte y Mag\u00edster en Est\u00e9tica y Teor\u00eda de las Artes, Facultad de Artes, UNLP. Docente e Investigadora categorizada III. Trabaja en instalaciones interactivas: Proyecto Bioperformance; Proyecto Speakinteractive; Proyecto Webcamdanza. Participa de ponencias, dictado de seminarios y publicaciones nacionales e internacionales. Dirige proyectos de investigaci\u00f3n, la C\u00e1tedra Libre, Educaci\u00f3n y Mediaci\u00f3n Digital en Danza y Performance, UNLP y la revista online Estudios sobre cuerpo, performance y tecnolog\u00eda emergente.\u00a0 <\/span><a href=\"http:\/\/www.alejandraceriani.com.ar\"><span style=\"font-weight: 400;\">www.alejandraceriani.com.ar<\/span><\/a><\/p>\n<p>&nbsp;<\/p>\n<p><b>Diego Carrera<\/b> <b>&#8211; Uruguay<\/b><span style=\"font-weight: 400;\">\u00a0<\/span><\/p>\n<p><span style=\"font-weight: 400;\">Desde 1997, Profesor de cine, historia y t\u00e9cnica audiovisual por la Facultad de Artes de La Universidad de la Rep\u00fablica, Uruguay. Investigador en temas de cine de realidad, cuerpo y tecnolog\u00eda. Coordinador del proyecto #TransmediaUy. Editor audiovisual de oficio.<\/span><\/p>\n<p><b>Mar\u00eda Fernanda Vallejos &#8211; Rosario &#8211; Argentina<\/b><\/p>\n<p><span style=\"font-weight: 400;\">Artista &#8211; Gestora Cultural &#8211; Curadora y Docente de Videodanza<\/span><b>. <\/b><span style=\"font-weight: 400;\">Lic. en Bellas Artes UNR. Desde 1993 investiga la interacci\u00f3n cuerpo-tecnolog\u00eda. Forma parte de Asc. COBAI organizadora de los Festivales Internacionales EL CRUCE, y CUERPO MEDIADO<\/span><a href=\"http:\/\/www.cobai.org\/\"> <span style=\"font-weight: 400;\">www.cobai.org<\/span><\/a><i><span style=\"font-weight: 400;\">. <\/span><\/i><span style=\"font-weight: 400;\">Cofundadora de la Red Argentina de Videodanza y Multimedia y el CAV Circuito Argentino de Videodanza. Es miembro activo de REDIV Red Iberoamericana de Videodanza. Sus obras han sido subvencionadas y premiadas nacional e internacionalmente. <\/span><a href=\"http:\/\/www.cobai.org\/\"><span style=\"font-weight: 400;\">www.cobai.org<\/span><\/a><i><span style=\"font-weight: 400;\">.<\/span><\/i><\/p>\n<p><b>Ladys Gonzalez &#8211;<\/b> <b>Argentina<\/b><span style=\"font-weight: 400;\">\u00a0<\/span><\/p>\n<p><span style=\"font-weight: 400;\">Creadora de proyectos art\u00edsticos &#8211; Docente de Expresi\u00f3n Corporal &amp; Lic en Artes &#8211; Gestora Cultural. Codirectora de Proyecto Corporalidad Expandida. Se encuentra con la creaci\u00f3n que la invita a explorar en varios formatos: escritura, audiovisual, performances, docencia, residencias, curadur\u00edas. Encontrando una manera de ser en la danza\u00a0 en un sentido muy amplio, en red y colectivamente. Investiga y decide abrir espacios para que circulen todas las expresiones art\u00edsticas posibles, y as\u00ed militar la libertad y el arte en todas sus formas, las conocidas y las que est\u00e1n por venir.<\/span><\/p>\n<p><a href=\"https:\/\/www.corporalidadexpandida.com.ar\/\"><span style=\"font-weight: 400;\">https:\/\/www.corporalidadexpandida.com.ar\/<\/span><\/a><\/p>\n<p>&nbsp;<\/p>\n<p><b>Paulo Caldas &#8211;<\/b> <b>Brasil<\/b><b>\u00a0<\/b><\/p>\n<p><span style=\"font-weight: 400;\">Director art\u00edstico del Festival Internacional de Video y Danza <\/span><i><span style=\"font-weight: 400;\">dan\u00e7a em foco<\/span><\/i><span style=\"font-weight: 400;\"> (creado en 2003). Fue coordinador del Programa de Danza Porto Iracema das Artes \u2014 Escuela de Formaci\u00f3n y Creaci\u00f3n (Instituto de Arte y Cultura de Cear\u00e1 \/ Drag\u00e3o do Mar). Es profesor de cursos de Danza en la Universidad Federal de Cear\u00e1 desde su creaci\u00f3n en 2011.<\/span><\/p>\n<p><a href=\"http:\/\/dancaemfoco.com.br\/\"><span style=\"font-weight: 400;\">http:\/\/dancaemfoco.com.br\/<\/span><\/a><\/p>\n<p>&nbsp;<\/p>\n<p><b>Sarah Ferreira &#8211; Brasil<\/b><\/p>\n<p><span style=\"font-weight: 400;\">Performer, educadora y artista multimedia. Actualmente estudiante de doctorado en Artes en el Programa de Posgrado de la Universidade Federal Fluminense (UFF). Como formaci\u00f3n acad\u00e9mica, complet\u00f3 su carrera en la Licenciatura en Artes Esc\u00e9nicas de la Universidad Estadual de Santa Catarina (UDESC). Maestr\u00eda en Teatro en esta misma universidad con la investigaci\u00f3n Activismo Curatorial de Videodan\u00e7a (2018-2020), discutiendo la curadur\u00eda en l\u00ednea de los ejes propuestos en el canal de investigaci\u00f3n VIDEODAN\u00c7A+\u00a0<\/span><\/p>\n<p><a href=\"https:\/\/www.youtube.com\/c\/Videodan%C3%A7amais\"><span style=\"font-weight: 400;\">https:\/\/www.youtube.com\/c\/Videodan%C3%A7amais<\/span><\/a><\/p>\n<p>&nbsp;<\/p>\n<p><b>Yolanda M. Guadarrama &#8211; M\u00e9xico<\/b><span style=\"font-weight: 400;\">\u00a0<\/span><\/p>\n<p><span style=\"font-weight: 400;\">Directora del festival Movimiento en Movimiento en M\u00e9xico, ingeniera, bailarina, core\u00f3grafa, creadora audiovisual, coeditora de Revista y Editorial MOHO. Se dedica a la realizaci\u00f3n, exhibici\u00f3n, formaci\u00f3n y fomento de danza en pantalla. Cofundadora del festival Motion, Berl\u00edn. Curadora del festival RIFF, Noruega. Particip\u00f3 en el Simposio THIS IS WHERE WE DANCE NOW, Ohio U, 2021. Mentora en Dance Camera West, 2021. Sus obras han sido exhibidas en varios festivales internacionales. Miembro de REDIV.\u00a0<\/span><\/p>\n<p><a href=\"http:\/\/www.yolandamguadarrama.com\"><span style=\"font-weight: 400;\">www.yolandamguadarrama.com<\/span><\/a><\/p>\n","protected":false},"excerpt":{"rendered":"<p>Lunes 25 de abril Conversatorio: El lenguaje escrito del cuerpo\u00a0 V\u00eda canal de YouTube: https:\/\/www.youtube.com\/c\/REDIV Horario:\u00a0 16h Costa Rica \/ \u00a017h Colombia-Ecuador-M\u00e9xico \/ 18h Bolivia-Cuba-Chile-Paraguay-Venezuela\/\u00a0 19h Argentina-Brasil-Uruguay \/\u00a0 23h Portugal \/\u00a0 24h Espa\u00f1a. La actividad de la escritura es un proceso que transforma la pr\u00e1ctica h\u00edbrida de la videodanza; en ella encontramos reflexiones, ideas y [&hellip;]<\/p>\n","protected":false},"author":1,"featured_media":0,"comment_status":"open","ping_status":"open","sticky":false,"template":"","format":"standard","meta":{"footnotes":""},"categories":[16],"tags":[],"class_list":["post-93","post","type-post","status-publish","format-standard","hentry","category-eventos"],"_links":{"self":[{"href":"https:\/\/rediv.org\/noticias\/wp-json\/wp\/v2\/posts\/93","targetHints":{"allow":["GET"]}}],"collection":[{"href":"https:\/\/rediv.org\/noticias\/wp-json\/wp\/v2\/posts"}],"about":[{"href":"https:\/\/rediv.org\/noticias\/wp-json\/wp\/v2\/types\/post"}],"author":[{"embeddable":true,"href":"https:\/\/rediv.org\/noticias\/wp-json\/wp\/v2\/users\/1"}],"replies":[{"embeddable":true,"href":"https:\/\/rediv.org\/noticias\/wp-json\/wp\/v2\/comments?post=93"}],"version-history":[{"count":1,"href":"https:\/\/rediv.org\/noticias\/wp-json\/wp\/v2\/posts\/93\/revisions"}],"predecessor-version":[{"id":98,"href":"https:\/\/rediv.org\/noticias\/wp-json\/wp\/v2\/posts\/93\/revisions\/98"}],"wp:attachment":[{"href":"https:\/\/rediv.org\/noticias\/wp-json\/wp\/v2\/media?parent=93"}],"wp:term":[{"taxonomy":"category","embeddable":true,"href":"https:\/\/rediv.org\/noticias\/wp-json\/wp\/v2\/categories?post=93"},{"taxonomy":"post_tag","embeddable":true,"href":"https:\/\/rediv.org\/noticias\/wp-json\/wp\/v2\/tags?post=93"}],"curies":[{"name":"wp","href":"https:\/\/api.w.org\/{rel}","templated":true}]}}