{"id":99,"date":"2022-04-26T04:58:10","date_gmt":"2022-04-26T04:58:10","guid":{"rendered":"https:\/\/rediv.org\/noticias\/?p=99"},"modified":"2022-04-26T04:58:10","modified_gmt":"2022-04-26T04:58:10","slug":"conversa-a-linguagem-escrita-do-corpo","status":"publish","type":"post","link":"https:\/\/rediv.org\/noticias\/conversa-a-linguagem-escrita-do-corpo\/","title":{"rendered":"Conversa: A linguagem escrita do corpo"},"content":{"rendered":"<div id='gallery-1' class='gallery galleryid-99 gallery-columns-3 gallery-size-thumbnail'><figure class='gallery-item'>\n\t\t\t<div class='gallery-icon landscape'>\n\t\t\t\t<a href='https:\/\/rediv.org\/noticias\/conversatorio-el-lenguaje-escrito-del-cuerpo\/screen-shot-2022-04-25-at-23-55-11\/'><img loading=\"lazy\" decoding=\"async\" width=\"150\" height=\"150\" src=\"https:\/\/rediv.org\/noticias\/wp-content\/uploads\/2022\/04\/Screen-Shot-2022-04-25-at-23.55.11-150x150.png\" class=\"attachment-thumbnail size-thumbnail\" alt=\"\" srcset=\"https:\/\/rediv.org\/noticias\/wp-content\/uploads\/2022\/04\/Screen-Shot-2022-04-25-at-23.55.11-150x150.png 150w, https:\/\/rediv.org\/noticias\/wp-content\/uploads\/2022\/04\/Screen-Shot-2022-04-25-at-23.55.11-300x300.png 300w, https:\/\/rediv.org\/noticias\/wp-content\/uploads\/2022\/04\/Screen-Shot-2022-04-25-at-23.55.11-768x767.png 768w, https:\/\/rediv.org\/noticias\/wp-content\/uploads\/2022\/04\/Screen-Shot-2022-04-25-at-23.55.11.png 793w\" sizes=\"auto, (max-width: 150px) 100vw, 150px\" \/><\/a>\n\t\t\t<\/div><\/figure><figure class='gallery-item'>\n\t\t\t<div class='gallery-icon portrait'>\n\t\t\t\t<a href='https:\/\/rediv.org\/noticias\/conversatorio-el-lenguaje-escrito-del-cuerpo\/screen-shot-2022-04-25-at-23-55-29\/'><img loading=\"lazy\" decoding=\"async\" width=\"150\" height=\"150\" src=\"https:\/\/rediv.org\/noticias\/wp-content\/uploads\/2022\/04\/Screen-Shot-2022-04-25-at-23.55.29-150x150.png\" class=\"attachment-thumbnail size-thumbnail\" alt=\"\" srcset=\"https:\/\/rediv.org\/noticias\/wp-content\/uploads\/2022\/04\/Screen-Shot-2022-04-25-at-23.55.29-150x150.png 150w, https:\/\/rediv.org\/noticias\/wp-content\/uploads\/2022\/04\/Screen-Shot-2022-04-25-at-23.55.29-300x300.png 300w, https:\/\/rediv.org\/noticias\/wp-content\/uploads\/2022\/04\/Screen-Shot-2022-04-25-at-23.55.29-768x769.png 768w, https:\/\/rediv.org\/noticias\/wp-content\/uploads\/2022\/04\/Screen-Shot-2022-04-25-at-23.55.29.png 794w\" sizes=\"auto, (max-width: 150px) 100vw, 150px\" \/><\/a>\n\t\t\t<\/div><\/figure><figure class='gallery-item'>\n\t\t\t<div class='gallery-icon landscape'>\n\t\t\t\t<a href='https:\/\/rediv.org\/noticias\/conversatorio-el-lenguaje-escrito-del-cuerpo\/screen-shot-2022-04-25-at-23-55-39\/'><img loading=\"lazy\" decoding=\"async\" width=\"150\" height=\"150\" src=\"https:\/\/rediv.org\/noticias\/wp-content\/uploads\/2022\/04\/Screen-Shot-2022-04-25-at-23.55.39-150x150.png\" class=\"attachment-thumbnail size-thumbnail\" alt=\"\" srcset=\"https:\/\/rediv.org\/noticias\/wp-content\/uploads\/2022\/04\/Screen-Shot-2022-04-25-at-23.55.39-150x150.png 150w, https:\/\/rediv.org\/noticias\/wp-content\/uploads\/2022\/04\/Screen-Shot-2022-04-25-at-23.55.39-300x300.png 300w, https:\/\/rediv.org\/noticias\/wp-content\/uploads\/2022\/04\/Screen-Shot-2022-04-25-at-23.55.39-768x765.png 768w, https:\/\/rediv.org\/noticias\/wp-content\/uploads\/2022\/04\/Screen-Shot-2022-04-25-at-23.55.39.png 794w\" sizes=\"auto, (max-width: 150px) 100vw, 150px\" \/><\/a>\n\t\t\t<\/div><\/figure>\n\t\t<\/div>\n\n<p><b>Segunda-feira, 25 de abril<\/b><\/p>\n<p><b>Conversa: A linguagem escrita do corpo<\/b><\/p>\n<p>&nbsp;<\/p>\n<p><span style=\"font-weight: 400;\">Acompanhe a conversa em:\u00a0<\/span><\/p>\n<p><a href=\"http:\/\/www.youtube.com\/c\/REDIV\"><span style=\"font-weight: 400;\">www.YouTube.com\/c\/REDIV<\/span><\/a><\/p>\n<p>&nbsp;<\/p>\n<p><span style=\"font-weight: 400;\">Hor\u00e1rio:<\/span><\/p>\n<p><span style=\"font-weight: 400;\">16h Costa Rica<\/span><\/p>\n<p><span style=\"font-weight: 400;\">17h Col\u00f4mbia \u2013 Equador \u2013 M\u00e9xico<\/span><\/p>\n<p><span style=\"font-weight: 400;\">18h Bol\u00edvia \u2013 Cuba \u2013 Chile \u2013 Paraguai \u2013 Venezuela<\/span><\/p>\n<p><span style=\"font-weight: 400;\">19h Argentina \u2013 Brasil \u2013 Uruguai<\/span><\/p>\n<p><span style=\"font-weight: 400;\">23h Portugal<\/span><\/p>\n<p><span style=\"font-weight: 400;\">24h Espanha<\/span><\/p>\n<p><span style=\"font-weight: 400;\">\u00a0<\/span><\/p>\n<p>&nbsp;<\/p>\n<p><span style=\"font-weight: 400;\">A atividade de escrever \u00e9 um processo que transforma a pr\u00e1tica h\u00edbrida da videodan\u00e7a; nela encontramos reflex\u00f5es, ideias e conceitos que retroalimentam novas quest\u00f5es, an\u00e1lises, descobertas e contribui\u00e7\u00f5es para a cria\u00e7\u00e3o. H\u00e1 alguns anos, a videodan\u00e7a e a sua escrita n\u00e3o eram reconhecidas como arte com caracter\u00edsticas pr\u00f3prias, tampouco como constru\u00e7\u00e3o de conhecimento e cr\u00edtica; hoje j\u00e1 existem publica\u00e7\u00f5es que conformam esse corpo tem\u00e1tico. Nesta conversa falaremos sobre alguns desses livros e diferentes formas de abordagem dos textos em rela\u00e7\u00e3o \u00e0 dan\u00e7a no v\u00eddeo e no cinema.<\/span><\/p>\n<p><span style=\"font-weight: 400;\">\u00a0<\/span><\/p>\n<p><b>Participantes<\/b><b>:<\/b><\/p>\n<p><span style=\"font-weight: 400;\">Alejandra Ceriani, Diego Carrera, Mar\u00eda Fernanda Vallejos, Ladys Gonzalez, Yolanda M. Guadarrama, Sarah Ferreira, Paulo Caldas.<\/span><\/p>\n<p><span style=\"font-weight: 400;\">\u00a0<\/span><\/p>\n<p><b>Alejandra Ceriani &#8211; Argentina<\/b><\/p>\n<p><span style=\"font-weight: 400;\">Doutora em Arte e Mestre em Est\u00e9tica e Teoria das Artes pela Faculdade de Artes, UNLP. Pesquisadora categoria III. Trabalha nas instala\u00e7\u00f5es interativas: Projeto Bioperformance; Projeto Speakinterative e Projeto Webcamdan\u00e7a. Participa de apresenta\u00e7\u00f5es, semin\u00e1rios e publica\u00e7\u00f5es nacionais e internacionais. Dirige projetos acad\u00eamicos, a C\u00e1tedra Livre, Educa\u00e7\u00e3o e Media\u00e7\u00e3o Digital em Dan\u00e7a e Performance, UNLP; e a revista online Estudos sobre o corpo, performance e tecnologia emergente. Site: http:\/\/www.alejandraceriani.com.ar<\/span><\/p>\n<p><span style=\"font-weight: 400;\">\u00a0<\/span><\/p>\n<p><b>Diego Carrera &#8211; Uruguai<\/b><\/p>\n<p><span style=\"font-weight: 400;\">Professor de cinema, hist\u00f3ria e t\u00e9cnica audiovisual, desde 1997, na Faculdade de Letras da Universidade da Rep\u00fablica, Uruguai. Pesquisador de quest\u00f5es de cinema de realidade, do corpo e da tecnologia. Coordenador do projeto Transm\u00eddia. Editor audiovisual por profiss\u00e3o.<\/span><\/p>\n<p><span style=\"font-weight: 400;\">\u00a0<\/span><\/p>\n<p><b>Mar\u00eda Fernanda Vallejos<\/b> <b>\u2013 Argentina<\/b><\/p>\n<p><span style=\"font-weight: 400;\">Artista &#8211; Gestora Cultural &#8211; Curadora e Professora de Videodan\u00e7a. Bacharel em Belas Artes pela UNR. Desde 1993 pesquisa a intera\u00e7\u00e3o entre o corpo e a tecnologia. Faz parte da Associa\u00e7\u00e3o COBAI, organizadora dos festivais internacionais EL CRUCE e CUERPO MEDIADO www.cobai.org. Cofundadora da Rede Argentina de Videodan\u00e7a e Multim\u00eddia e do Circuito Argentino de Videodan\u00e7a CAV. \u00c9 membro ativo da REDIV \u2013 Red Iberoamericana de Videodanza. Seus trabalhos t\u00eam sido subsidiados e premiados nacional e internacionalmente.<\/span><\/p>\n<p><span style=\"font-weight: 400;\">\u00a0<\/span><\/p>\n<p><b>Ladys Gonzalez \u2013<\/b> <b>Argentina<\/b><\/p>\n<p><span style=\"font-weight: 400;\">Criadora de projetos art\u00edsticos. Professora de Express\u00e3o Corporal e Licenciatura em Artes. Gestora Cultural. Co-diretora do Projeto Corporalidade Expandida. Atua na cria\u00e7\u00e3o explorando diferentes formatos: escrita, audiovisual, performance, ensino, resid\u00eancias, curadorias, a fim de elaborar uma maneira de estar na dan\u00e7a em sentido amplo, em rede e coletivamente. Pesquisa e constr\u00f3i espa\u00e7os para que todas as express\u00f5es art\u00edsticas poss\u00edveis circulem e, assim, militar a liberdade e a arte em todas as suas formas, conhecidas e futuras.<\/span><\/p>\n<p><span style=\"font-weight: 400;\">\u00a0<\/span><\/p>\n<p><b>Paulo Caldas<\/b> <b>\u2013 Brasil<\/b><\/p>\n<p><span style=\"font-weight: 400;\">Diretor art\u00edstico do dan\u00e7a em foco festival internacional de v\u00eddeo &amp; dan\u00e7a, criado em 2003. Foi coordenador do Programa de Dan\u00e7a do Porto Iracema das Artes \u2014 Escola de Forma\u00e7\u00e3o e Cria\u00e7\u00e3o, Instituto Cearense de Arte e Cultura \/ Drag\u00e3o do Mar, em Fortaleza. \u00c9 professor dos cursos de dan\u00e7a da Universidade Federal do Cear\u00e1 desde sua cria\u00e7\u00e3o, em 2011.<\/span><\/p>\n<p><span style=\"font-weight: 400;\">\u00a0<\/span><\/p>\n<p><b>Sarah Ferreira<\/b> <b>\u2013 Brasil<\/b><\/p>\n<p><span style=\"font-weight: 400;\">Performer, educadora e artista multim\u00eddia. \u00c9 doutoranda no Programa de P\u00f3s-Gradua\u00e7\u00e3o em Estudos Contempor\u00e2neos das Artes\/PPGCA, da Universidade Federal Fluminense (UFF). \u00c9 bacharel em Artes C\u00eanicas, pela Universidade do Estado de Santa Catarina (UDESC). Possui mestrado em Teatro, tamb\u00e9m pela UDESC, com a pesquisa \u2018Ativismo Curatorial\u00a0 na Videodan\u00e7a\u2019, em que discute a curadoria online dos eixos propostos no canal de pesquisa VIDEODAN\u00c7A+<\/span><\/p>\n<p><span style=\"font-weight: 400;\">\u00a0<\/span><\/p>\n<p><b>Yolanda M. Guadarrama \u2013 M\u00e9xico<\/b><\/p>\n<p><span style=\"font-weight: 400;\">Diretora do festival Movimento en Movimiento, M\u00e9xico, engenheira, dan\u00e7arina, core\u00f3grafa, criadora audiovisual, e co-editora da Revista e Editorial MOHO. Dedica-se \u00e0 realiza\u00e7\u00e3o, exibi\u00e7\u00e3o, forma\u00e7\u00e3o e promo\u00e7\u00e3o da dan\u00e7a na tela. Co-fundadora do festival Motion, Berlim. Curadora do festival RIFF, Noruega. Participou do Simp\u00f3sio THIS IS WHERE WE DANCE NOW, na Ohio State University, 2021. Mentora do Dance Camera West, 2021. Seus trabalhos foram exibidos em diversos festivais internacionais. Membro REDIV. (www.yolandamguadarrama.com)<\/span><\/p>\n","protected":false},"excerpt":{"rendered":"<p>Segunda-feira, 25 de abril Conversa: A linguagem escrita do corpo &nbsp; Acompanhe a conversa em:\u00a0 www.YouTube.com\/c\/REDIV &nbsp; Hor\u00e1rio: 16h Costa Rica 17h Col\u00f4mbia \u2013 Equador \u2013 M\u00e9xico 18h Bol\u00edvia \u2013 Cuba \u2013 Chile \u2013 Paraguai \u2013 Venezuela 19h Argentina \u2013 Brasil \u2013 Uruguai 23h Portugal 24h Espanha \u00a0 &nbsp; A atividade de escrever \u00e9 um [&hellip;]<\/p>\n","protected":false},"author":1,"featured_media":0,"comment_status":"open","ping_status":"open","sticky":false,"template":"","format":"standard","meta":{"footnotes":""},"categories":[9],"tags":[],"class_list":["post-99","post","type-post","status-publish","format-standard","hentry","category-sin-categoria-pt"],"_links":{"self":[{"href":"https:\/\/rediv.org\/noticias\/wp-json\/wp\/v2\/posts\/99","targetHints":{"allow":["GET"]}}],"collection":[{"href":"https:\/\/rediv.org\/noticias\/wp-json\/wp\/v2\/posts"}],"about":[{"href":"https:\/\/rediv.org\/noticias\/wp-json\/wp\/v2\/types\/post"}],"author":[{"embeddable":true,"href":"https:\/\/rediv.org\/noticias\/wp-json\/wp\/v2\/users\/1"}],"replies":[{"embeddable":true,"href":"https:\/\/rediv.org\/noticias\/wp-json\/wp\/v2\/comments?post=99"}],"version-history":[{"count":1,"href":"https:\/\/rediv.org\/noticias\/wp-json\/wp\/v2\/posts\/99\/revisions"}],"predecessor-version":[{"id":100,"href":"https:\/\/rediv.org\/noticias\/wp-json\/wp\/v2\/posts\/99\/revisions\/100"}],"wp:attachment":[{"href":"https:\/\/rediv.org\/noticias\/wp-json\/wp\/v2\/media?parent=99"}],"wp:term":[{"taxonomy":"category","embeddable":true,"href":"https:\/\/rediv.org\/noticias\/wp-json\/wp\/v2\/categories?post=99"},{"taxonomy":"post_tag","embeddable":true,"href":"https:\/\/rediv.org\/noticias\/wp-json\/wp\/v2\/tags?post=99"}],"curies":[{"name":"wp","href":"https:\/\/api.w.org\/{rel}","templated":true}]}}